{"id":141577,"date":"2024-04-20T10:00:07","date_gmt":"2024-04-20T13:00:07","guid":{"rendered":"https:\/\/corrientesdetarde.com\/?p=141577"},"modified":"2024-04-20T10:00:19","modified_gmt":"2024-04-20T13:00:19","slug":"tres-pueblos-peregrinan-hacia-itati-y-hay-desvios-en-rutas-nacionales","status":"publish","type":"post","link":"https:\/\/corrientesdetarde.com\/index.php\/informacion-general\/tres-pueblos-peregrinan-hacia-itati-y-hay-desvios-en-rutas-nacionales\/","title":{"rendered":"Tres pueblos peregrinan hacia Itat\u00ed y hay desv\u00edos en rutas nacionales"},"content":{"rendered":"\n<p>Feligreses de Santa Ana, Paso de la Patria y San Cosme vivir\u00e1n horas de fe camino a la casa de la Virgen Morena ubicada en la localidad de Itat\u00ed. Vialidad Nacional desde los primeros minutos de hoy implementar\u00e1 un dispositivo de desviar\u00e1 el tr\u00e1nsito en la Ruta Nacional 12.<\/p>\n\n\n\n<p>Con el lema &#8220;Denle ustedes de comer&#8221;, fieles de Santa Ana, Paso de la Patria y San Cosme concretar\u00e1n un nuevo a\u00f1o de caminata hasta Itat\u00ed.<\/p>\n\n\n\n<p>En el caso de los fieles de Santa Ana, salieron en la ma\u00f1ana de ayer desde la parroquia. De all\u00ed tomaron la Ruta 98 y el luego el camino de la fe que le da salida a la Ruta 9.<\/p>\n\n\n\n<p>De acuerdo a lo programado por las tres comunidades, a las 14 de hoy saldr\u00e1n los fieles de Paso de la Patria. En el camino los esperar\u00e1n los peregrinos que se encontrar\u00e1n en la localidad de San Cosme.<\/p>\n\n\n\n<p>Todos juntos ir\u00e1n hasta Ramada Paso, donde completar\u00e1n la uni\u00f3n de los tres pueblos hasta la Bas\u00edlica de Itat\u00ed.<\/p>\n\n\n\n<p>La noche antes de llegar har\u00e1n un acto en el que se sumar\u00e1n m\u00fasicos que tocar\u00e1n en vivo para los fieles. Al otro d\u00eda retomar\u00e1n el \u00faltimo tramo de la caminata.<\/p>\n\n\n\n<figure class=\"wp-block-image\"><img decoding=\"async\" src=\"https:\/\/www.diarioepoca.com\/content\/bucket\/9\/1358429w380h132c.jpg.webp\" alt=\"\"\/><\/figure>\n\n\n\n<p>De acuerdo a lo que marca la grilla, el pr\u00f3ximo martes 23 a las 9:30 se concretar\u00e1 la misa central, luego ser\u00e1 el turno de la procesi\u00f3n y posteriormente el almuerzo.<\/p>\n\n\n\n<h2 class=\"wp-block-heading\">Desv\u00edo en rutas nacionales<\/h2>\n\n\n\n<p>Debido a la realizaci\u00f3n de la Peregrinaci\u00f3n de los Tres Pueblos a Itat\u00ed, Vialidad Nacional informa sobre el desv\u00edo en el tr\u00e1nsito por Ruta Nacional 12 para veh\u00edculos de carga desde las cero horas de hoy s\u00e1bado y hasta las 18 de ma\u00f1ana. El corte volver\u00e1 a implementarse desde las cero del mi\u00e9rcoles 24 hasta las 13 del jueves 25.<\/p>\n\n\n\n<figure class=\"wp-block-image\"><img decoding=\"async\" src=\"https:\/\/www.diarioepoca.com\/content\/bucket\/2\/1358432w380h200c.jpg.webp\" alt=\"\"\/><\/figure>\n\n\n\n<p>Con motivo de la &#8220;CXXIV Peregrinaci\u00f3n de los Tres Pueblos&#8221; hacia la Bas\u00edlica de Nuestra Se\u00f1ora de Itat\u00ed de la que participar\u00e1n autoridades municipales, eclesi\u00e1sticas y feligreses de las comunidades de Santa Ana, Paso de la Patria y San Cosme, se dispondr\u00e1 redireccionar la circulaci\u00f3n de camiones de carga de m\u00e1s de 3.500 kilogramos, a partir de hoy, desde las cero horas y hasta el domingo a las 18, en los siguientes tramos: los camiones de m\u00e1s de 3.500 kg que circulan por Ruta Nacional 12 desde Posadas hacia Corrientes Capital o Resistencia y viceversa deber\u00e1n hacerlo por Ruta Nacional 118 que lleva hasta las Cuatro Bocas de Saladas y desde all\u00ed retomar por Ruta Nacional 12 hacia Corrientes, Resistencia y otras zonas de esa regi\u00f3n. Desde el organismo informan que no se podr\u00e1 circular por la Ruta Provincial 5.<\/p>\n\n\n\n<figure class=\"wp-block-image\"><img decoding=\"async\" src=\"https:\/\/www.diarioepoca.com\/content\/bucket\/0\/1358430w380h132c.jpg.webp\" alt=\"\"\/><\/figure>\n\n\n\n<p>Asimismo, los camiones de menos de 3.500 kilogramos podr\u00e1n circular por la Ruta Provincial N\u00b05 en ambos sentidos.<\/p>\n\n\n\n<p>Los camiones que ingresen a la ciudad por el puente interprovincial con destino al norte o sur del pa\u00eds, deber\u00e1n hacerlo por avenida 3 de Abril hasta avenida Maip\u00fa y desde all\u00ed hasta la Ruta Nacional 12 para luego dirigirse hasta su intersecci\u00f3n con Ruta Nacional N\u00ba118 y luego retomar la Ruta Nacional 12.<\/p>\n\n\n\n<p>Antes de iniciar un viaje es importante verificar el estado de las rutas en la web de Vialidad Nacional: https:\/\/www.argentina.gob.ar\/rutasnacionales o comunicarse con el Centro de Atenci\u00f3n al Usuario de lunes a viernes de 9 a 13 y de 14 a 17 horas llamando al 0800-222-6272\/ 0800-333-0073, o v\u00eda correo electr\u00f3nico a la direcci\u00f3n&nbsp;atencionalusuario@vialidad.gob.ar.<\/p>\n\n\n\n<figure class=\"wp-block-image\"><img decoding=\"async\" src=\"https:\/\/www.diarioepoca.com\/content\/bucket\/3\/1358433w380h223c.jpg.webp\" alt=\"\"\/><\/figure>\n\n\n\n<h2 class=\"wp-block-heading\">Un poco de historia<\/h2>\n\n\n\n<p>En el a\u00f1o 1900 se produjo en la Iglesia de la Cruz de los Milagros en Corrientes el acto de coronaci\u00f3n pontificia de la Virgen de Itat\u00ed con la participaci\u00f3n de diversas comunidades que llegaron para ser part\u00edcipes de la ceremonia con sus santos patronos a cuestas.<\/p>\n\n\n\n<p>A partir del a\u00f1o siguiente, cuatro localidades (San Luis del Palmar, Santa Ana, San Cosme y Paso de la Patria) caminaron por varios a\u00f1os hasta Itat\u00ed para recordar y celebrar a\u00f1o a a\u00f1o este acontecimiento. En la d\u00e9cada del 60, luego de una peregrinaci\u00f3n, dos familias de San Cosme y San Luis del Palmar se enfrentaron a un costado de la Bas\u00edlica de Itat\u00ed, donde dos personas perdieron la vida por controversias pol\u00edticas.<\/p>\n","protected":false},"excerpt":{"rendered":"<p>Feligreses de Santa Ana, Paso de la Patria y San Cosme vivir\u00e1n horas de fe camino a la casa de la Virgen Morena ubicada en la localidad de Itat\u00ed. Vialidad&hellip; <\/p>\n","protected":false},"author":3,"featured_media":141583,"comment_status":"closed","ping_status":"open","sticky":false,"template":"","format":"standard","meta":{"footnotes":""},"categories":[1],"tags":[],"class_list":["post-141577","post","type-post","status-publish","format-standard","has-post-thumbnail","hentry","category-informacion-general"],"_links":{"self":[{"href":"https:\/\/corrientesdetarde.com\/index.php\/wp-json\/wp\/v2\/posts\/141577","targetHints":{"allow":["GET"]}}],"collection":[{"href":"https:\/\/corrientesdetarde.com\/index.php\/wp-json\/wp\/v2\/posts"}],"about":[{"href":"https:\/\/corrientesdetarde.com\/index.php\/wp-json\/wp\/v2\/types\/post"}],"author":[{"embeddable":true,"href":"https:\/\/corrientesdetarde.com\/index.php\/wp-json\/wp\/v2\/users\/3"}],"replies":[{"embeddable":true,"href":"https:\/\/corrientesdetarde.com\/index.php\/wp-json\/wp\/v2\/comments?post=141577"}],"version-history":[{"count":1,"href":"https:\/\/corrientesdetarde.com\/index.php\/wp-json\/wp\/v2\/posts\/141577\/revisions"}],"predecessor-version":[{"id":141595,"href":"https:\/\/corrientesdetarde.com\/index.php\/wp-json\/wp\/v2\/posts\/141577\/revisions\/141595"}],"wp:featuredmedia":[{"embeddable":true,"href":"https:\/\/corrientesdetarde.com\/index.php\/wp-json\/wp\/v2\/media\/141583"}],"wp:attachment":[{"href":"https:\/\/corrientesdetarde.com\/index.php\/wp-json\/wp\/v2\/media?parent=141577"}],"wp:term":[{"taxonomy":"category","embeddable":true,"href":"https:\/\/corrientesdetarde.com\/index.php\/wp-json\/wp\/v2\/categories?post=141577"},{"taxonomy":"post_tag","embeddable":true,"href":"https:\/\/corrientesdetarde.com\/index.php\/wp-json\/wp\/v2\/tags?post=141577"}],"curies":[{"name":"wp","href":"https:\/\/api.w.org\/{rel}","templated":true}]}}