{"id":141578,"date":"2024-04-20T10:00:15","date_gmt":"2024-04-20T13:00:15","guid":{"rendered":"https:\/\/corrientesdetarde.com\/?p=141578"},"modified":"2024-04-20T10:00:16","modified_gmt":"2024-04-20T13:00:16","slug":"cruz-roja-argentina-filial-corrientes-celebra-sus-103-anos","status":"publish","type":"post","link":"https:\/\/corrientesdetarde.com\/index.php\/informacion-general\/cruz-roja-argentina-filial-corrientes-celebra-sus-103-anos\/","title":{"rendered":"Cruz Roja Argentina Filial Corrientes celebra sus 103 a\u00f1os"},"content":{"rendered":"\n<p>Como parte de los festejos, en la ma\u00f1ana de ayer los voluntarios realizaron actividades en la plaza Vera. Invitan a sumarse al voluntariado para realizar acciones humanitarias. Mariela Contreras, directora del organismo, destac\u00f3 el trabajo en la provincia.<\/p>\n\n\n\n<p>Hoy la Cruz Roja Argentina Filial Corrientes cumple 103 a\u00f1os. Voluntarios de la Organizaci\u00f3n Humanitaria realizaron ayer diferentes actividades en la plaza Vera.<\/p>\n\n\n\n<p>En la primera, voluntarios estuvieron con una carpa institucional sobre peatonal Jun\u00edn, entre San Juan y La Rioja, de 9 a 12. All\u00ed ense\u00f1aron t\u00e9cnicas de reanimaci\u00f3n cardiopulmonar y realizaron diferentes juegos con las personas. Tambi\u00e9n hablaron sobre las actividades del voluntariado e invitaron a sumarse a la Cruz Roja Argentina. Adem\u00e1s, los acompa\u00f1\u00f3 el m\u00fasico Leo Acu\u00f1a, que desde las 10 de la ma\u00f1ana cant\u00f3 algunas canciones para deleitar al p\u00fablico.<\/p>\n\n\n\n<figure class=\"wp-block-image\"><img decoding=\"async\" src=\"https:\/\/www.diarioepoca.com\/content\/bucket\/2\/1358442w380h132c.jpg.webp\" alt=\"\"\/><\/figure>\n\n\n\n<p>En este contexto, hoy por la ma\u00f1ana comenzar\u00e1n un nuevo curso de capacitaci\u00f3n de primeros auxilios dirigido a todo el p\u00fablico. Otra actividad ser\u00e1 para los voluntarios, una capacitaci\u00f3n especial sobre gesti\u00f3n de riesgo, teniendo en cuenta que es esencial que est\u00e9n preparados para enfrentar situaciones de emergencia de manera efectiva.<\/p>\n\n\n\n<p>Mariela Contreras, presidente de Cruz Roja Argentina Filial Corrientes, dijo: &#8220;Estamos muy contentos de poder celebrar un nuevo aniversario de nuestra filial como nos gusta, junto a las personas&#8221;. Adem\u00e1s agreg\u00f3: &#8220;Son 103 a\u00f1os de muchas historias, an\u00e9cdotas, de formar profesionales y de ayuda humanitaria&#8221;.<\/p>\n\n\n\n<p>La filial Corrientes de Cruz Roja Argentina, que forma parte de la Sociedad Nacional Cruz Roja Argentina hace 103 a\u00f1os, realiza acciones humanitarias con un fuerte compromiso por mejorar la vida de las personas en situaci\u00f3n de vulnerabilidad.<\/p>\n\n\n\n<p>El voluntariado realiza tareas y acciones humanitarias de forma incansable brindando servicios a la comunidad enmarcados en Plan Estrat\u00e9gico de Cruz Roja Argentina (PECRA 2019-2024) cuyos objetivos son la promoci\u00f3n de la salud, la gesti\u00f3n integral de del riesgo de emergencias y desastres, primeros auxilios y educaci\u00f3n.<\/p>\n\n\n\n<figure class=\"wp-block-image\"><img decoding=\"async\" src=\"https:\/\/www.diarioepoca.com\/content\/bucket\/0\/1358440w380h216c.jpg.webp\" alt=\"\"\/><\/figure>\n\n\n\n<p>Filial Corrientes dispone de un centro de testeos r\u00e1pidos de VIH, voluntario, gratuito y confidencial que funciona en el laboratorio del instituto durante todo el a\u00f1o. Trabajan en conjunto con Defensa Civil, fuerzas de seguridad y otras instituciones en diferentes situaciones brindando asistencia sanitaria en eventos masivos o durante una emergencia como fueron los incendios forestales.<\/p>\n\n\n\n<p>Adem\u00e1s, disponen del Instituto de Formaci\u00f3n y Capacitaci\u00f3n con carreras de nivel superior, en las que cada a\u00f1o se reciben cientos de estudiantes que se insertan en centros de salud de la regi\u00f3n y del pa\u00eds. Durante todo el a\u00f1o dictan cursos de capacitaci\u00f3n en primeros auxilios y lengua de se\u00f1as.<\/p>\n\n\n\n<p>La filial Corrientes se caracteriza por su fuerte y comprometido trabajo comunitario. En los barrios Esperanza, Quilmes y Quinta Ferr\u00e9 realizan apoyo escolar a ni\u00f1os de 6 a 14 a\u00f1os que asisten en los turnos ma\u00f1ana y tarde.<\/p>\n\n\n\n<figure class=\"wp-block-image\"><img decoding=\"async\" src=\"https:\/\/www.diarioepoca.com\/content\/bucket\/3\/1358443w380h132c.jpg.webp\" alt=\"\"\/><\/figure>\n\n\n\n<p>En el barrio Quinta Ferr\u00e9 funciona el Centro Integral Cruz Roja Argentina &#8220;Carlos Balea Arribas&#8221;, donde se brinda servicio de alimentaci\u00f3n para m\u00e1s de 200 familias de lunes a viernes, entregan desayuno, merienda y almuerzo para que las personas beneficiadas puedan comer en sus casas, promoviendo el almuerzo en familia.<\/p>\n\n\n\n<figure class=\"wp-block-image\"><img decoding=\"async\" src=\"https:\/\/www.diarioepoca.com\/content\/bucket\/1\/1358441w380h235c.jpg.webp\" alt=\"\"\/><\/figure>\n\n\n\n<p>Tambi\u00e9n en ese lugar funciona el primer y \u00fanico jard\u00edn de Cruz Roja en Latinoam\u00e9rica. Asisten m\u00e1s de 360 chicos desde 45 d\u00edas hasta los cinco a\u00f1os. Brindan clases de ingl\u00e9s, inform\u00e1tica, m\u00fasica, educaci\u00f3n f\u00edsica en los turnos ma\u00f1ana y tarde, servicios que se brindan de manera gratuita.<\/p>\n","protected":false},"excerpt":{"rendered":"<p>Como parte de los festejos, en la ma\u00f1ana de ayer los voluntarios realizaron actividades en la plaza Vera. Invitan a sumarse al voluntariado para realizar acciones humanitarias. Mariela Contreras, directora&hellip; <\/p>\n","protected":false},"author":3,"featured_media":141584,"comment_status":"closed","ping_status":"open","sticky":false,"template":"","format":"standard","meta":{"footnotes":""},"categories":[1],"tags":[],"class_list":["post-141578","post","type-post","status-publish","format-standard","has-post-thumbnail","hentry","category-informacion-general"],"_links":{"self":[{"href":"https:\/\/corrientesdetarde.com\/index.php\/wp-json\/wp\/v2\/posts\/141578","targetHints":{"allow":["GET"]}}],"collection":[{"href":"https:\/\/corrientesdetarde.com\/index.php\/wp-json\/wp\/v2\/posts"}],"about":[{"href":"https:\/\/corrientesdetarde.com\/index.php\/wp-json\/wp\/v2\/types\/post"}],"author":[{"embeddable":true,"href":"https:\/\/corrientesdetarde.com\/index.php\/wp-json\/wp\/v2\/users\/3"}],"replies":[{"embeddable":true,"href":"https:\/\/corrientesdetarde.com\/index.php\/wp-json\/wp\/v2\/comments?post=141578"}],"version-history":[{"count":1,"href":"https:\/\/corrientesdetarde.com\/index.php\/wp-json\/wp\/v2\/posts\/141578\/revisions"}],"predecessor-version":[{"id":141593,"href":"https:\/\/corrientesdetarde.com\/index.php\/wp-json\/wp\/v2\/posts\/141578\/revisions\/141593"}],"wp:featuredmedia":[{"embeddable":true,"href":"https:\/\/corrientesdetarde.com\/index.php\/wp-json\/wp\/v2\/media\/141584"}],"wp:attachment":[{"href":"https:\/\/corrientesdetarde.com\/index.php\/wp-json\/wp\/v2\/media?parent=141578"}],"wp:term":[{"taxonomy":"category","embeddable":true,"href":"https:\/\/corrientesdetarde.com\/index.php\/wp-json\/wp\/v2\/categories?post=141578"},{"taxonomy":"post_tag","embeddable":true,"href":"https:\/\/corrientesdetarde.com\/index.php\/wp-json\/wp\/v2\/tags?post=141578"}],"curies":[{"name":"wp","href":"https:\/\/api.w.org\/{rel}","templated":true}]}}