{"id":141580,"date":"2024-04-20T10:00:20","date_gmt":"2024-04-20T13:00:20","guid":{"rendered":"https:\/\/corrientesdetarde.com\/?p=141580"},"modified":"2024-04-20T10:00:21","modified_gmt":"2024-04-20T13:00:21","slug":"dengue-hay-450-casos-activos-55-de-ellos-estan-en-esta-capital","status":"publish","type":"post","link":"https:\/\/corrientesdetarde.com\/index.php\/bienestar-y-salud\/dengue-hay-450-casos-activos-55-de-ellos-estan-en-esta-capital\/","title":{"rendered":"Dengue: hay 450 casos activos, 55 de ellos est\u00e1n en esta capital"},"content":{"rendered":"\n<p>Se trata de un trabajo din\u00e1mico que var\u00eda de localidad en localidad, de acuerdo al comportamiento del virus.<\/p>\n\n\n\n<p>El Ministerio de Salud P\u00fablica dio a conocer ayer que Corrientes tiene actualmente 450 casos de dengue activos (de los cuales 55 corresponden a Capital) y que por ello contin\u00faan las labores del plan provincial de lucha contra esa enfermedad.<\/p>\n\n\n\n<p>De acuerdo a lo detallado, esta semana, a trav\u00e9s de la Direcci\u00f3n General de Epidemiolog\u00eda, los equipos trabajaron en los barrios La Chola, Quintana, Santa Margarita y Ba\u00f1ado Norte de la ciudad de Corrientes haciendo control focal y b\u00fasqueda de febriles. La semana que viene se har\u00e1 en el barrio Libertad.<\/p>\n\n\n\n<p>En el interior, se trabaj\u00f3 en Curuz\u00fa Cuati\u00e1, Bella Vista, Sauce y Mercedes, donde se realizaron tareas de fumigaci\u00f3n, entrega de larvicidas, concientizaci\u00f3n y control focal.<\/p>\n\n\n\n<figure class=\"wp-block-image\"><img decoding=\"async\" src=\"https:\/\/www.diarioepoca.com\/content\/bucket\/5\/1358445w380h322c.jpg.webp\" alt=\"\"\/><\/figure>\n\n\n\n<p>Por otra parte, desde la cartera sanitaria local se hace acompa\u00f1amiento social en charlas que se llevan adelante en las escuelas. El principal mensaje es la importancia del descacharrado (eliminaci\u00f3n de criaderos de mosquitos) y el uso del repelente.<\/p>\n\n\n\n<p>Tanto es as\u00ed que la Planta de Medicamentos de Corrientes (PLAMECOR) produjo, en los \u00faltimos 15 d\u00edas, un total de 28.000 nuevos frascos de repelente, sobre un total previsto de 40.000 unidades.<\/p>\n\n\n\n<p>De ese total, 20.000 unidades ya fueron distribuidas en la red sanitaria provincial y 8.000 permanecen en la Droguer\u00eda Central de la Provincia.<\/p>\n\n\n\n<p>El director de PLAMECOR, Andr\u00e9s Guglielmone, rese\u00f1\u00f3 que entre enero y febrero se hizo una producci\u00f3n de 40.000 frascos de repelente (cuatro mil litros), todo eso fue distribuido y agotado en la red sanitaria.<\/p>\n","protected":false},"excerpt":{"rendered":"<p>Se trata de un trabajo din\u00e1mico que var\u00eda de localidad en localidad, de acuerdo al comportamiento del virus. El Ministerio de Salud P\u00fablica dio a conocer ayer que Corrientes tiene&hellip; <\/p>\n","protected":false},"author":3,"featured_media":141586,"comment_status":"closed","ping_status":"open","sticky":false,"template":"","format":"standard","meta":{"footnotes":""},"categories":[16],"tags":[],"class_list":["post-141580","post","type-post","status-publish","format-standard","has-post-thumbnail","hentry","category-bienestar-y-salud"],"_links":{"self":[{"href":"https:\/\/corrientesdetarde.com\/index.php\/wp-json\/wp\/v2\/posts\/141580","targetHints":{"allow":["GET"]}}],"collection":[{"href":"https:\/\/corrientesdetarde.com\/index.php\/wp-json\/wp\/v2\/posts"}],"about":[{"href":"https:\/\/corrientesdetarde.com\/index.php\/wp-json\/wp\/v2\/types\/post"}],"author":[{"embeddable":true,"href":"https:\/\/corrientesdetarde.com\/index.php\/wp-json\/wp\/v2\/users\/3"}],"replies":[{"embeddable":true,"href":"https:\/\/corrientesdetarde.com\/index.php\/wp-json\/wp\/v2\/comments?post=141580"}],"version-history":[{"count":1,"href":"https:\/\/corrientesdetarde.com\/index.php\/wp-json\/wp\/v2\/posts\/141580\/revisions"}],"predecessor-version":[{"id":141596,"href":"https:\/\/corrientesdetarde.com\/index.php\/wp-json\/wp\/v2\/posts\/141580\/revisions\/141596"}],"wp:featuredmedia":[{"embeddable":true,"href":"https:\/\/corrientesdetarde.com\/index.php\/wp-json\/wp\/v2\/media\/141586"}],"wp:attachment":[{"href":"https:\/\/corrientesdetarde.com\/index.php\/wp-json\/wp\/v2\/media?parent=141580"}],"wp:term":[{"taxonomy":"category","embeddable":true,"href":"https:\/\/corrientesdetarde.com\/index.php\/wp-json\/wp\/v2\/categories?post=141580"},{"taxonomy":"post_tag","embeddable":true,"href":"https:\/\/corrientesdetarde.com\/index.php\/wp-json\/wp\/v2\/tags?post=141580"}],"curies":[{"name":"wp","href":"https:\/\/api.w.org\/{rel}","templated":true}]}}