{"id":141601,"date":"2024-04-20T11:02:13","date_gmt":"2024-04-20T14:02:13","guid":{"rendered":"https:\/\/corrientesdetarde.com\/?p=141601"},"modified":"2024-04-20T11:02:14","modified_gmt":"2024-04-20T14:02:14","slug":"caritas-distribuira-repelentes-donados-por-una-multinacional","status":"publish","type":"post","link":"https:\/\/corrientesdetarde.com\/index.php\/informacion-general\/caritas-distribuira-repelentes-donados-por-una-multinacional\/","title":{"rendered":"C\u00e1ritas distribuir\u00e1 repelentes donados por una multinacional"},"content":{"rendered":"\n<p>La delegaci\u00f3n local de esa organizaci\u00f3n de la iglesia cat\u00f3lica recibi\u00f3 un lote de 2.000 potes que ser\u00e1 repartido entre las 50 parroquias de la di\u00f3cesis, conforme a las necesidades de cada comunidad. La compa\u00f1\u00eda extranjera se encarg\u00f3 tambi\u00e9n de la log\u00edstica.<\/p>\n\n\n\n<p>C\u00e1ritas Corrientes inform\u00f3 ayer que recibi\u00f3 un lote de repelentes donado por una empresa multinacional que se dedica a la producci\u00f3n de art\u00edculos de limpieza para el hogar.<\/p>\n\n\n\n<p>La directora local de ese organismo de la Iglesia, Malvina Medina, dijo a \u00e9poca: &#8220;Recibimos 2.000 unidades de repelentes que ser\u00e1n distribuidos en 50 parroquias, incluyendo a las del interior&#8221;.<\/p>\n\n\n\n<p>En ese sentido, describi\u00f3: &#8220;La empresa SC Johnson hizo la donaci\u00f3n y fue un total 50.000 unidades que fueron distribuidas a C\u00e1ritas de todo el territorio nacional. Ahora nosotros estamos convocando a los referentes parroquiales que son los que llevar\u00e1n adelante la distribuci\u00f3n en su jurisdicci\u00f3n&#8221;.<\/p>\n\n\n\n<figure class=\"wp-block-image\"><img decoding=\"async\" src=\"https:\/\/www.diarioepoca.com\/content\/bucket\/4\/1358444w380h228c.jpg.webp\" alt=\"\"\/><\/figure>\n\n\n\n<p>Acerca de la distribuci\u00f3n de los frascos de &#8220;Off Family&#8221;, la referente de C\u00e1ritas Corrientes indic\u00f3: &#8220;Cada parroquia har\u00e1 su entrega individual, viendo las necesidades de las familias de su comunidad&#8221;. Este aporte a nivel local se dio mientras la provincia tiene actualmente 450 casos activos de la enfermedad transmitida por el mosquito &#8220;Aedes aegypti&#8221;.<\/p>\n\n\n\n<p>C\u00e1ritas Argentina destac\u00f3 la importancia de esta donaci\u00f3n no solo por su valor material, sino tambi\u00e9n por lo que representa en t\u00e9rminos de solidaridad y cooperaci\u00f3n entre el sector privado y las organizaciones civiles.<\/p>\n\n\n\n<p>&#8220;Esta constituye una acci\u00f3n m\u00e1s que se complementa a las tantas que vienen realizando los equipos locales&#8221;, subrayan, poniendo de relieve el esfuerzo conjunto que se est\u00e1 llevando a cabo para combatir el dengue en Argentina&#8221;, aseveraron.<\/p>\n\n\n\n<p>&#8220;En los pr\u00f3ximos d\u00edas se ir\u00e1n programando nuevas entregas para otros espacios comunitarios, cuando se implemente la liberaci\u00f3n por parte de la aduana. Se buscar\u00e1 atender a las regiones m\u00e1s afectadas por la epidemia del dengue, impactando en alrededor de 20.000 familias&#8221;, enfatiz\u00f3 la organizaci\u00f3n cat\u00f3lica. C\u00e1ritas tiene m\u00e1s de 32.000 voluntarios, los cuales conforman 3.500 equipos de trabajo en toda Argentina.<\/p>\n","protected":false},"excerpt":{"rendered":"<p>La delegaci\u00f3n local de esa organizaci\u00f3n de la iglesia cat\u00f3lica recibi\u00f3 un lote de 2.000 potes que ser\u00e1 repartido entre las 50 parroquias de la di\u00f3cesis, conforme a las necesidades&hellip; <\/p>\n","protected":false},"author":3,"featured_media":141608,"comment_status":"closed","ping_status":"open","sticky":false,"template":"","format":"standard","meta":{"footnotes":""},"categories":[1],"tags":[],"class_list":["post-141601","post","type-post","status-publish","format-standard","has-post-thumbnail","hentry","category-informacion-general"],"_links":{"self":[{"href":"https:\/\/corrientesdetarde.com\/index.php\/wp-json\/wp\/v2\/posts\/141601","targetHints":{"allow":["GET"]}}],"collection":[{"href":"https:\/\/corrientesdetarde.com\/index.php\/wp-json\/wp\/v2\/posts"}],"about":[{"href":"https:\/\/corrientesdetarde.com\/index.php\/wp-json\/wp\/v2\/types\/post"}],"author":[{"embeddable":true,"href":"https:\/\/corrientesdetarde.com\/index.php\/wp-json\/wp\/v2\/users\/3"}],"replies":[{"embeddable":true,"href":"https:\/\/corrientesdetarde.com\/index.php\/wp-json\/wp\/v2\/comments?post=141601"}],"version-history":[{"count":1,"href":"https:\/\/corrientesdetarde.com\/index.php\/wp-json\/wp\/v2\/posts\/141601\/revisions"}],"predecessor-version":[{"id":141617,"href":"https:\/\/corrientesdetarde.com\/index.php\/wp-json\/wp\/v2\/posts\/141601\/revisions\/141617"}],"wp:featuredmedia":[{"embeddable":true,"href":"https:\/\/corrientesdetarde.com\/index.php\/wp-json\/wp\/v2\/media\/141608"}],"wp:attachment":[{"href":"https:\/\/corrientesdetarde.com\/index.php\/wp-json\/wp\/v2\/media?parent=141601"}],"wp:term":[{"taxonomy":"category","embeddable":true,"href":"https:\/\/corrientesdetarde.com\/index.php\/wp-json\/wp\/v2\/categories?post=141601"},{"taxonomy":"post_tag","embeddable":true,"href":"https:\/\/corrientesdetarde.com\/index.php\/wp-json\/wp\/v2\/tags?post=141601"}],"curies":[{"name":"wp","href":"https:\/\/api.w.org\/{rel}","templated":true}]}}