{"id":141642,"date":"2024-04-20T16:18:53","date_gmt":"2024-04-20T19:18:53","guid":{"rendered":"https:\/\/corrientesdetarde.com\/?p=141642"},"modified":"2024-04-20T16:18:54","modified_gmt":"2024-04-20T19:18:54","slug":"emotivo-inicio-de-la-peregrinacion-de-los-tres-pueblos-a-itati","status":"publish","type":"post","link":"https:\/\/corrientesdetarde.com\/index.php\/informacion-general\/emotivo-inicio-de-la-peregrinacion-de-los-tres-pueblos-a-itati\/","title":{"rendered":"EMOTIVO INICIO DE LA PEREGRINACI\u00d3N DE LOS TRES PUEBLOS A ITAT\u00cd"},"content":{"rendered":"\n<p>Como se hab\u00eda anunciado, con la bendici\u00f3n del padre Guillermo Danuzzo, desde Santa Ana de los Gu\u00e1caras se inici\u00f3 la 124\u00aa Peregrinaci\u00f3n de los Tres Pueblos: Santa Ana, Paso de la Patria y San Cosme, hacia la Bas\u00edlica de Nuestra Se\u00f1ora de Itat\u00ed.<\/p>\n\n\n\n<p>A pie, en carros, montados y con apoyo vehicular, en medio de un fuerte dispositivo de seguridad emprendieron con el prop\u00f3sito de participar de las celebraciones por el 106\u00ba Aniversario de la proclamaci\u00f3n de la Virgen como Patrona y protectora de Corrientes el lunes 23.<\/p>\n\n\n\n<figure class=\"wp-block-image\"><img decoding=\"async\" src=\"https:\/\/www.diarioellibertador.com.ar\/wp-content\/uploads\/2024\/04\/439244869_821253530044449_5359516389642456180_n-jpg.webp\" alt=\"\"\/><\/figure>\n\n\n\n<figure class=\"wp-block-image\"><img decoding=\"async\" src=\"https:\/\/www.diarioellibertador.com.ar\/wp-content\/uploads\/2024\/04\/439278433_821253580044444_1300437267266252407_n-jpg.webp\" alt=\"\"\/><\/figure>\n\n\n\n<p>A las 9, frente al hist\u00f3rico templo de Santa Ana, la abuela de Jes\u00fas, el padre Danuzzo, bendijo a &nbsp;los fieles y los alent\u00f3 a peregrinar con renovada fe, a reflexionar, tambi\u00e9n a encontrarse con uno mismo y con el pr\u00f3jimo.<\/p>\n\n\n\n<p>\u201cSiempre tener presente a qu\u00e9 vamos: a renovar nuestra fe como pap\u00e1, como mam\u00e1, como familia, encontrar el sentido\u201d, expres\u00f3 el religioso y parafraseo a monse\u00f1or Andr\u00e9s Stanovnik al decir que \u201cel peregrino sabe d\u00f3nde va, el vagabundo no; que no seamos vagabundos, sino peregrinos; caminar juntos acompa\u00f1arnos, fortalecernos, que es lo m\u00e1s importante de este tiempo que Dios nos invita a vivir. Y que el encuentro con los dem\u00e1s hermanos nuestros de los otros pueblos sea de esperanza, un encuentro viral, un encuentro aliado, que a veces cuesta tanto. Que nuestra abuela Santa Ana nos regale esa gracia en esta peregrinaci\u00f3n\u201d.<\/p>\n\n\n\n<figure class=\"wp-block-image\"><img decoding=\"async\" src=\"https:\/\/www.diarioellibertador.com.ar\/wp-content\/uploads\/2024\/04\/439343790_821253746711094_5534316503206114119_n-jpg.webp\" alt=\"\"\/><\/figure>\n\n\n\n<figure class=\"wp-block-image\"><img decoding=\"async\" src=\"https:\/\/www.diarioellibertador.com.ar\/wp-content\/uploads\/2024\/04\/439250365_821253793377756_3751986087676203697_n-jpg.webp\" alt=\"\"\/><\/figure>\n\n\n\n<p>Finalmente pidi\u00f3 a los promeseros que disfruten del camino, \u201ccompartir con el otro, dialogar con el otro; porque eso hace el caminar, porque somos hijos, peregrinos, rezar, reencontrarte con vos\u201d, tambi\u00e9n aprovechar el momento de silencio \u201cporque en el silencio afloran muchas cosas de nuestras vidas y agradecer a Dios\u201d por todo, incluso los contratiempos y dificultades que se presentan en la vida. &nbsp;&nbsp;<\/p>\n\n\n\n<figure class=\"wp-block-image\"><img decoding=\"async\" src=\"https:\/\/www.diarioellibertador.com.ar\/wp-content\/uploads\/2024\/04\/439120964_821253860044416_3200785730020380976_n-jpg.webp\" alt=\"\"\/><\/figure>\n\n\n\n<figure class=\"wp-block-image\"><img decoding=\"async\" src=\"https:\/\/www.diarioellibertador.com.ar\/wp-content\/uploads\/2024\/04\/439312089_821253910044411_7383207837990731933_n-jpg.webp\" alt=\"\"\/><\/figure>\n\n\n\n<p>Los peregrinos de Santa Ana tienen previsto hacer un alto para almorzar en el cruce de las rutas 9 y 12 y luego seguir por esta \u00faltima para llegar a San Cosme poco despu\u00e9s de las 14, tomar un descanso y continuar hacia el parador del peregrino donde llegar\u00edan alrededor de las 17, donde se descansar\u00e1 hasta ma\u00f1ana.<\/p>\n\n\n\n<p>A ellos se les unir\u00e1n los fieles de Paso de la Patria, que saldr\u00e1n desde su localidad a las 14. Mientras que la comunidad de San Cosme lo har\u00e1 este domingo 21, a las 6. &nbsp;<\/p>\n\n\n\n<figure class=\"wp-block-image\"><img decoding=\"async\" src=\"https:\/\/www.diarioellibertador.com.ar\/wp-content\/uploads\/2024\/04\/5b524205-fd12-4118-a68c-9f06cda84beb-jpg.webp\" alt=\"\"\/><\/figure>\n\n\n\n<figure class=\"wp-block-image\"><img decoding=\"async\" src=\"https:\/\/www.diarioellibertador.com.ar\/wp-content\/uploads\/2024\/04\/b0f975f8-6ab3-485e-ba7c-e57ee6e3b48a.jpg\" alt=\"\"\/><\/figure>\n","protected":false},"excerpt":{"rendered":"<p>Como se hab\u00eda anunciado, con la bendici\u00f3n del padre Guillermo Danuzzo, desde Santa Ana de los Gu\u00e1caras se inici\u00f3 la 124\u00aa Peregrinaci\u00f3n de los Tres Pueblos: Santa Ana, Paso de&hellip; <\/p>\n","protected":false},"author":12,"featured_media":141648,"comment_status":"closed","ping_status":"open","sticky":false,"template":"","format":"standard","meta":{"footnotes":""},"categories":[1],"tags":[],"class_list":["post-141642","post","type-post","status-publish","format-standard","has-post-thumbnail","hentry","category-informacion-general"],"_links":{"self":[{"href":"https:\/\/corrientesdetarde.com\/index.php\/wp-json\/wp\/v2\/posts\/141642","targetHints":{"allow":["GET"]}}],"collection":[{"href":"https:\/\/corrientesdetarde.com\/index.php\/wp-json\/wp\/v2\/posts"}],"about":[{"href":"https:\/\/corrientesdetarde.com\/index.php\/wp-json\/wp\/v2\/types\/post"}],"author":[{"embeddable":true,"href":"https:\/\/corrientesdetarde.com\/index.php\/wp-json\/wp\/v2\/users\/12"}],"replies":[{"embeddable":true,"href":"https:\/\/corrientesdetarde.com\/index.php\/wp-json\/wp\/v2\/comments?post=141642"}],"version-history":[{"count":1,"href":"https:\/\/corrientesdetarde.com\/index.php\/wp-json\/wp\/v2\/posts\/141642\/revisions"}],"predecessor-version":[{"id":141649,"href":"https:\/\/corrientesdetarde.com\/index.php\/wp-json\/wp\/v2\/posts\/141642\/revisions\/141649"}],"wp:featuredmedia":[{"embeddable":true,"href":"https:\/\/corrientesdetarde.com\/index.php\/wp-json\/wp\/v2\/media\/141648"}],"wp:attachment":[{"href":"https:\/\/corrientesdetarde.com\/index.php\/wp-json\/wp\/v2\/media?parent=141642"}],"wp:term":[{"taxonomy":"category","embeddable":true,"href":"https:\/\/corrientesdetarde.com\/index.php\/wp-json\/wp\/v2\/categories?post=141642"},{"taxonomy":"post_tag","embeddable":true,"href":"https:\/\/corrientesdetarde.com\/index.php\/wp-json\/wp\/v2\/tags?post=141642"}],"curies":[{"name":"wp","href":"https:\/\/api.w.org\/{rel}","templated":true}]}}