{"id":141644,"date":"2024-04-20T16:22:25","date_gmt":"2024-04-20T19:22:25","guid":{"rendered":"https:\/\/corrientesdetarde.com\/?p=141644"},"modified":"2024-04-20T16:22:36","modified_gmt":"2024-04-20T19:22:36","slug":"carlos-melconian-cruzo-a-javier-milei-por-tratar-de-heroes-a-los-que-fugan-dolares-perdio-una-oportunidad","status":"publish","type":"post","link":"https:\/\/corrientesdetarde.com\/index.php\/politica\/carlos-melconian-cruzo-a-javier-milei-por-tratar-de-heroes-a-los-que-fugan-dolares-perdio-una-oportunidad\/","title":{"rendered":"Carlos Melconian cruz\u00f3 a Javier Milei por tratar de &#8220;h\u00e9roes&#8221; a los que fugan d\u00f3lares: &#8220;Perdi\u00f3 una oportunidad&#8221;"},"content":{"rendered":"\n<p>El discurso\u00a0del presidente\u00a0<strong>Javier Milei<\/strong>\u00a0ante empresarios en el Foro Llao Llao, en el que elogi\u00f3 a quienes fugan d\u00f3lares, ha generado un intenso debate en el \u00e1mbito econ\u00f3mico.<\/p>\n\n\n\n<p><strong>Milei<\/strong>\u00a0expres\u00f3 su admiraci\u00f3n hacia aquellos que logran &#8220;escapar de las garras del Estado&#8221; mediante la compra de divisas extranjeras, llegando incluso a calificarlos como &#8220;h\u00e9roes&#8221;. El economista\u00a0<strong>Carlos Melconian<\/strong>\u00a0recogi\u00f3 el guante y sali\u00f3 a responderle con duras cr\u00edticas.<\/p>\n\n\n\n<p>&#8220;Ten\u00eda una buena tribuna para decir que h\u00e9roe es el que se queda en la Argentina y da batalla para sacar el pa\u00eds adelante&#8221;, asegur\u00f3&nbsp;<strong>Melconian<\/strong>, y agreg\u00f3: &#8220;El programa econ\u00f3mico est\u00e1 puesto hoy en si la inflaci\u00f3n llega a un d\u00edgito mensual, pero si la composici\u00f3n de precios internos no se arregla, perdemos tiempo. Ac\u00e1 la cosa no es la inflaci\u00f3n (mensual) de un d\u00edgito, sino cu\u00e1ndo lanzamos un plan de estabilizaci\u00f3n&#8221;.<\/p>\n\n\n\n<p>El reconocido economista manifest\u00f3 su desacuerdo con las afirmaciones de&nbsp;<strong>Milei<\/strong>, se\u00f1alando la importancia de distinguir entre la fuga de capitales y la necesidad de estabilidad econ\u00f3mica. Enfatiz\u00f3 la urgencia de implementar reformas estructurales y pol\u00edticas de desarrollo para impulsar el crecimiento del pa\u00eds.<\/p>\n\n\n\n<p>Asimismo,\u00a0<strong>Melconian<\/strong>\u00a0critic\u00f3 la gesti\u00f3n econ\u00f3mica actual, haciendo hincapi\u00e9 en la falta de un plan integral de estabilizaci\u00f3n y crecimiento. Desde su perspectiva, las medidas adoptadas hasta el momento reflejan una visi\u00f3n sesentista y setentista, carente de un enfoque heterodoxo que permita enfrentar los desaf\u00edos actuales con eficacia<\/p>\n\n\n\n<p>El economista tambi\u00e9n abord\u00f3 la cuesti\u00f3n del valor del d\u00f3lar y su impacto en la econom\u00eda, cuestionando la estabilidad del tipo de cambio y la falta de alineaci\u00f3n de precios internos. En este sentido, advirti\u00f3 sobre la necesidad de implementar medidas concretas para corregir estas distorsiones y recuperar la confianza en el sistema financiero.<\/p>\n\n\n\n<p>En medio de este intercambio de opiniones,&nbsp;<strong>Melconian<\/strong>&nbsp;reiter\u00f3 la importancia de construir un modelo econ\u00f3mico s\u00f3lido y cre\u00edble, capaz de generar condiciones propicias para el desarrollo sostenible del pa\u00eds. Sus declaraciones ponen de manifiesto la complejidad de los desaf\u00edos econ\u00f3micos que enfrenta Argentina y la necesidad de abordarlos con seriedad y responsabilidad.ARCHIVADO EN<\/p>\n","protected":false},"excerpt":{"rendered":"<p>El discurso\u00a0del presidente\u00a0Javier Milei\u00a0ante empresarios en el Foro Llao Llao, en el que elogi\u00f3 a quienes fugan d\u00f3lares, ha generado un intenso debate en el \u00e1mbito econ\u00f3mico. Milei\u00a0expres\u00f3 su admiraci\u00f3n&hellip; <\/p>\n","protected":false},"author":12,"featured_media":141652,"comment_status":"closed","ping_status":"open","sticky":false,"template":"","format":"standard","meta":{"footnotes":""},"categories":[3],"tags":[],"class_list":["post-141644","post","type-post","status-publish","format-standard","has-post-thumbnail","hentry","category-politica"],"_links":{"self":[{"href":"https:\/\/corrientesdetarde.com\/index.php\/wp-json\/wp\/v2\/posts\/141644","targetHints":{"allow":["GET"]}}],"collection":[{"href":"https:\/\/corrientesdetarde.com\/index.php\/wp-json\/wp\/v2\/posts"}],"about":[{"href":"https:\/\/corrientesdetarde.com\/index.php\/wp-json\/wp\/v2\/types\/post"}],"author":[{"embeddable":true,"href":"https:\/\/corrientesdetarde.com\/index.php\/wp-json\/wp\/v2\/users\/12"}],"replies":[{"embeddable":true,"href":"https:\/\/corrientesdetarde.com\/index.php\/wp-json\/wp\/v2\/comments?post=141644"}],"version-history":[{"count":1,"href":"https:\/\/corrientesdetarde.com\/index.php\/wp-json\/wp\/v2\/posts\/141644\/revisions"}],"predecessor-version":[{"id":141653,"href":"https:\/\/corrientesdetarde.com\/index.php\/wp-json\/wp\/v2\/posts\/141644\/revisions\/141653"}],"wp:featuredmedia":[{"embeddable":true,"href":"https:\/\/corrientesdetarde.com\/index.php\/wp-json\/wp\/v2\/media\/141652"}],"wp:attachment":[{"href":"https:\/\/corrientesdetarde.com\/index.php\/wp-json\/wp\/v2\/media?parent=141644"}],"wp:term":[{"taxonomy":"category","embeddable":true,"href":"https:\/\/corrientesdetarde.com\/index.php\/wp-json\/wp\/v2\/categories?post=141644"},{"taxonomy":"post_tag","embeddable":true,"href":"https:\/\/corrientesdetarde.com\/index.php\/wp-json\/wp\/v2\/tags?post=141644"}],"curies":[{"name":"wp","href":"https:\/\/api.w.org\/{rel}","templated":true}]}}