{"id":141645,"date":"2024-04-20T16:20:26","date_gmt":"2024-04-20T19:20:26","guid":{"rendered":"https:\/\/corrientesdetarde.com\/?p=141645"},"modified":"2024-04-20T16:20:30","modified_gmt":"2024-04-20T19:20:30","slug":"santa-fe-horror-hallaron-los-cadaveres-de-una-jubilada-y-de-su-hija-dentro-de-su-casa","status":"publish","type":"post","link":"https:\/\/corrientesdetarde.com\/index.php\/nacionales\/santa-fe-horror-hallaron-los-cadaveres-de-una-jubilada-y-de-su-hija-dentro-de-su-casa\/","title":{"rendered":"SANTA FE: Horror hallaron los cad\u00e1veres de una jubilada y de su hija dentro de su casa"},"content":{"rendered":"\n<p>Una tragedia sacudi\u00f3 el barrio Villa Dora de la ciudad de\u00a0<strong>Santa Fe<\/strong>, donde este viernes por la tarde fueron<strong>\u00a0hallado<\/strong>s\u00a0los<a href=\"https:\/\/www.mdzol.com\/policiales\/\" target=\"_blank\" rel=\"noreferrer noopener\">\u00a0<\/a>cuerpos\u00a0sin vida de dos mujeres en su residencia. Las v\u00edctimas, seg\u00fan fuentes policiales, ser\u00edan una mujer de 82 a\u00f1os y su hija de 44 a\u00f1os.<\/p>\n\n\n\n<p>El\u00a0macabro descubrimiento\u00a0tuvo lugar en una casa situada en la calle Jos\u00e9 Mar\u00eda Zuvir\u00eda al 1000, entre Dorrego y V\u00e9lez Sarsfield. El acceso a la vivienda fue realizado por personal de la Agrupaci\u00f3n de Bomberos Zapadores de la Unidad Regional I, quienes se vieron obligados a forzar la puerta para ingresar.<\/p>\n\n\n\n<figure class=\"wp-block-image\"><img decoding=\"async\" src=\"https:\/\/www.mdzol.com\/u\/fotografias\/m\/2022\/4\/2\/f768x1-1200814_1200941_5050.jpg\" alt=\"\"\/><figcaption class=\"wp-element-caption\">Polic\u00eda de Santa Fe. Foto: archivo.<\/figcaption><\/figure>\n\n\n\n<p>El alarmante&nbsp;<strong>hallazgo<\/strong>&nbsp; de los&nbsp;<strong>cad\u00e1veres<\/strong>&nbsp;fue consecuencia de la preocupaci\u00f3n expresada por familiares y allegados de las v\u00edctimas, quienes informaron a las autoridades sobre la falta de contacto con ellas durante varios meses, seg\u00fan report\u00f3 Aire de Santa Fe.<\/p>\n\n\n\n<p>Si bien a\u00fan no se determinaron las causas exactas del fallecimiento ni las fechas precisas de las muertes, las primeras versiones sugieren que la madre habr\u00eda fallecido hace aproximadamente seis meses, mientras que su hija, aparentemente con alguna discapacidad, habr\u00eda estado viviendo junto a ella.<\/p>\n\n\n\n<p>En el lugar del suceso, se presentaron efectivos de la Seccional 5ta y de la Polic\u00eda de Investigaciones para llevar a cabo las diligencias correspondientes.&nbsp;<\/p>\n","protected":false},"excerpt":{"rendered":"<p>Una tragedia sacudi\u00f3 el barrio Villa Dora de la ciudad de\u00a0Santa Fe, donde este viernes por la tarde fueron\u00a0hallados\u00a0los\u00a0cuerpos\u00a0sin vida de dos mujeres en su residencia. Las v\u00edctimas, seg\u00fan fuentes&hellip; <\/p>\n","protected":false},"author":12,"featured_media":141650,"comment_status":"closed","ping_status":"open","sticky":false,"template":"","format":"standard","meta":{"footnotes":""},"categories":[10],"tags":[],"class_list":["post-141645","post","type-post","status-publish","format-standard","has-post-thumbnail","hentry","category-nacionales"],"_links":{"self":[{"href":"https:\/\/corrientesdetarde.com\/index.php\/wp-json\/wp\/v2\/posts\/141645","targetHints":{"allow":["GET"]}}],"collection":[{"href":"https:\/\/corrientesdetarde.com\/index.php\/wp-json\/wp\/v2\/posts"}],"about":[{"href":"https:\/\/corrientesdetarde.com\/index.php\/wp-json\/wp\/v2\/types\/post"}],"author":[{"embeddable":true,"href":"https:\/\/corrientesdetarde.com\/index.php\/wp-json\/wp\/v2\/users\/12"}],"replies":[{"embeddable":true,"href":"https:\/\/corrientesdetarde.com\/index.php\/wp-json\/wp\/v2\/comments?post=141645"}],"version-history":[{"count":1,"href":"https:\/\/corrientesdetarde.com\/index.php\/wp-json\/wp\/v2\/posts\/141645\/revisions"}],"predecessor-version":[{"id":141651,"href":"https:\/\/corrientesdetarde.com\/index.php\/wp-json\/wp\/v2\/posts\/141645\/revisions\/141651"}],"wp:featuredmedia":[{"embeddable":true,"href":"https:\/\/corrientesdetarde.com\/index.php\/wp-json\/wp\/v2\/media\/141650"}],"wp:attachment":[{"href":"https:\/\/corrientesdetarde.com\/index.php\/wp-json\/wp\/v2\/media?parent=141645"}],"wp:term":[{"taxonomy":"category","embeddable":true,"href":"https:\/\/corrientesdetarde.com\/index.php\/wp-json\/wp\/v2\/categories?post=141645"},{"taxonomy":"post_tag","embeddable":true,"href":"https:\/\/corrientesdetarde.com\/index.php\/wp-json\/wp\/v2\/tags?post=141645"}],"curies":[{"name":"wp","href":"https:\/\/api.w.org\/{rel}","templated":true}]}}