{"id":141766,"date":"2024-04-21T11:47:18","date_gmt":"2024-04-21T14:47:18","guid":{"rendered":"https:\/\/corrientesdetarde.com\/?p=141766"},"modified":"2024-04-21T11:47:21","modified_gmt":"2024-04-21T14:47:21","slug":"furor-de-los-fans-de-emilia-por-la-visita-de-tini-a-su-show","status":"publish","type":"post","link":"https:\/\/corrientesdetarde.com\/index.php\/espectaculos\/furor-de-los-fans-de-emilia-por-la-visita-de-tini-a-su-show\/","title":{"rendered":"Furor de los fans de Emilia por la visita de Tini a su show"},"content":{"rendered":"\n<p>Las cantantes interpretaron juntas su tema &#8220;La Original&#8221; y se despidieron con un c\u00e1lido beso.<\/p>\n\n\n\n<p><strong>Emilia Mernes<\/strong>\u00a0present\u00f3 el tercero de sus diez shows en el\u00a0<strong>Movistar Arena<\/strong>\u00a0y, como vino haciendo en los anteriores, cont\u00f3 con la visita de una de las artistas del momento. Tras haber subido al escenario a Duki, Nicki Nicole, FMK y Tiago PZK, para su show del viernes 19 de abril invit\u00f3 nada m\u00e1s y nada menos que a\u00a0<strong>Tini Stoessel<\/strong>.<\/p>\n\n\n\n<figure class=\"wp-block-image size-full\"><img loading=\"lazy\" decoding=\"async\" width=\"779\" height=\"470\" src=\"https:\/\/corrientesdetarde.com\/wp-content\/uploads\/2024\/04\/image-521.png\" alt=\"\" class=\"wp-image-141767\" srcset=\"https:\/\/corrientesdetarde.com\/wp-content\/uploads\/2024\/04\/image-521.png 779w, https:\/\/corrientesdetarde.com\/wp-content\/uploads\/2024\/04\/image-521-300x181.png 300w, https:\/\/corrientesdetarde.com\/wp-content\/uploads\/2024\/04\/image-521-768x463.png 768w\" sizes=\"auto, (max-width: 779px) 100vw, 779px\" \/><\/figure>\n\n\n\n<p>En medio de la pol\u00e9mica por el lanzamiento de su nuevo \u00e1lbum &#8220;Un mech\u00f3n de pelo&#8221;, en el cual la cantante desnud\u00f3 a fondo los problemas que estuvo viviendo durante los \u00faltimos a\u00f1os, Emilia la convoc\u00f3 para que cantaran juntas uno de los hits que siguen haciendo bailar a todas las j\u00f3venes que las admiran.<\/p>\n\n\n\n<figure class=\"wp-block-image size-full\"><img loading=\"lazy\" decoding=\"async\" width=\"777\" height=\"462\" src=\"https:\/\/corrientesdetarde.com\/wp-content\/uploads\/2024\/04\/image-522.png\" alt=\"\" class=\"wp-image-141768\" srcset=\"https:\/\/corrientesdetarde.com\/wp-content\/uploads\/2024\/04\/image-522.png 777w, https:\/\/corrientesdetarde.com\/wp-content\/uploads\/2024\/04\/image-522-300x178.png 300w, https:\/\/corrientesdetarde.com\/wp-content\/uploads\/2024\/04\/image-522-768x457.png 768w\" sizes=\"auto, (max-width: 777px) 100vw, 777px\" \/><\/figure>\n\n\n\n<p>Emilia y Tini volvieron a cantar juntas<strong>\u00a0&#8220;La Original&#8221;<\/strong>\u00a0sobre el escenario, haciendo estallar al p\u00fablico por la inesperada y espectacular visita. Cerraron la presentaci\u00f3n con un beso y Tini agradeci\u00f3 la invitaci\u00f3n:\u00a0<strong>\u201cQue emoci\u00f3n estar ac\u00e1, los amo mucho. Muchas gracias por invitarme amiga.\u00a0<\/strong>Espero que est\u00e9n disfrutando de esta noche. Te merec\u00e9s esto y todo lo que te est\u00e1 pasando, todo lo que est\u00e1s viviendo , estoy demasiado orgullosa de vos , de todo tu equipo hermoso, de todos los chicos , los amo con todo mi coraz\u00f3n y a toda la gente\u201d.<\/p>\n\n\n\n<figure class=\"wp-block-image size-full\"><img loading=\"lazy\" decoding=\"async\" width=\"778\" height=\"446\" src=\"https:\/\/corrientesdetarde.com\/wp-content\/uploads\/2024\/04\/image-523.png\" alt=\"\" class=\"wp-image-141769\" srcset=\"https:\/\/corrientesdetarde.com\/wp-content\/uploads\/2024\/04\/image-523.png 778w, https:\/\/corrientesdetarde.com\/wp-content\/uploads\/2024\/04\/image-523-300x172.png 300w, https:\/\/corrientesdetarde.com\/wp-content\/uploads\/2024\/04\/image-523-768x440.png 768w\" sizes=\"auto, (max-width: 778px) 100vw, 778px\" \/><\/figure>\n\n\n\n<p>Pero esta no es la primera vez que se presentan juntas. Hicieron una entrevista para un programa de streaming en el cual dejaron varias revelaciones, pero tambi\u00e9n\u00a0cantaron durante la entrega de los Premios Lo Nuestro.<br>Adem\u00e1s, Tini disfrut\u00f3 del show completo desde el escenario acompa\u00f1ando y apoyando a su colega.<\/p>\n\n\n\n<figure class=\"wp-block-image size-full\"><img loading=\"lazy\" decoding=\"async\" width=\"778\" height=\"471\" src=\"https:\/\/corrientesdetarde.com\/wp-content\/uploads\/2024\/04\/image-524.png\" alt=\"\" class=\"wp-image-141770\" srcset=\"https:\/\/corrientesdetarde.com\/wp-content\/uploads\/2024\/04\/image-524.png 778w, https:\/\/corrientesdetarde.com\/wp-content\/uploads\/2024\/04\/image-524-300x182.png 300w, https:\/\/corrientesdetarde.com\/wp-content\/uploads\/2024\/04\/image-524-768x465.png 768w\" sizes=\"auto, (max-width: 778px) 100vw, 778px\" \/><\/figure>\n\n\n\n<h3 class=\"wp-block-heading\">El impactante show de Emilia<\/h3>\n\n\n\n<p>Con cuatro sorprendentes cambios de look (diferentes a los del 6 y 7 de abril) y marcando tendencia en diferentes colores, Emilia innov\u00f3 una vez m\u00e1s con una plataforma voladora que atraves\u00f3 el Movistar Arena llev\u00e1ndola desde el escenario principal al escenario secundario ubicado en el otro extremo del bowl en la tercera noche de sus 10 shows completamente agotados, producidos por Fenix Entertainment.<\/p>\n\n\n\n<figure class=\"wp-block-image size-full\"><img loading=\"lazy\" decoding=\"async\" width=\"778\" height=\"469\" src=\"https:\/\/corrientesdetarde.com\/wp-content\/uploads\/2024\/04\/image-525.png\" alt=\"\" class=\"wp-image-141771\" srcset=\"https:\/\/corrientesdetarde.com\/wp-content\/uploads\/2024\/04\/image-525.png 778w, https:\/\/corrientesdetarde.com\/wp-content\/uploads\/2024\/04\/image-525-300x181.png 300w, https:\/\/corrientesdetarde.com\/wp-content\/uploads\/2024\/04\/image-525-768x463.png 768w\" sizes=\"auto, (max-width: 778px) 100vw, 778px\" \/><\/figure>\n\n\n\n<p>La complicidad entre Emilia y sus amigos ubicados en la primera fila del venue bailando y disfrutando del show, fue otro de los highlights de la noche. Tambi\u00e9n ley\u00f3 muchos carteles con mensajes de amor y destac\u00f3 algunos looks del p\u00fablico.<\/p>\n\n\n\n<p>Una vez m\u00e1s, acompa\u00f1ada por una puesta en escena descomunal, junto a bailarines y coreograf\u00edas destacadas, completaron un show demoledor.<\/p>\n\n\n\n<figure class=\"wp-block-image size-full\"><img loading=\"lazy\" decoding=\"async\" width=\"775\" height=\"468\" src=\"https:\/\/corrientesdetarde.com\/wp-content\/uploads\/2024\/04\/image-526.png\" alt=\"\" class=\"wp-image-141772\" srcset=\"https:\/\/corrientesdetarde.com\/wp-content\/uploads\/2024\/04\/image-526.png 775w, https:\/\/corrientesdetarde.com\/wp-content\/uploads\/2024\/04\/image-526-300x181.png 300w, https:\/\/corrientesdetarde.com\/wp-content\/uploads\/2024\/04\/image-526-768x464.png 768w\" sizes=\"auto, (max-width: 775px) 100vw, 775px\" \/><\/figure>\n","protected":false},"excerpt":{"rendered":"<p>Las cantantes interpretaron juntas su tema &#8220;La Original&#8221; y se despidieron con un c\u00e1lido beso. Emilia Mernes\u00a0present\u00f3 el tercero de sus diez shows en el\u00a0Movistar Arena\u00a0y, como vino haciendo en&hellip; <\/p>\n","protected":false},"author":4,"featured_media":141773,"comment_status":"closed","ping_status":"open","sticky":false,"template":"","format":"standard","meta":{"footnotes":""},"categories":[19],"tags":[],"class_list":["post-141766","post","type-post","status-publish","format-standard","has-post-thumbnail","hentry","category-espectaculos"],"_links":{"self":[{"href":"https:\/\/corrientesdetarde.com\/index.php\/wp-json\/wp\/v2\/posts\/141766","targetHints":{"allow":["GET"]}}],"collection":[{"href":"https:\/\/corrientesdetarde.com\/index.php\/wp-json\/wp\/v2\/posts"}],"about":[{"href":"https:\/\/corrientesdetarde.com\/index.php\/wp-json\/wp\/v2\/types\/post"}],"author":[{"embeddable":true,"href":"https:\/\/corrientesdetarde.com\/index.php\/wp-json\/wp\/v2\/users\/4"}],"replies":[{"embeddable":true,"href":"https:\/\/corrientesdetarde.com\/index.php\/wp-json\/wp\/v2\/comments?post=141766"}],"version-history":[{"count":1,"href":"https:\/\/corrientesdetarde.com\/index.php\/wp-json\/wp\/v2\/posts\/141766\/revisions"}],"predecessor-version":[{"id":141774,"href":"https:\/\/corrientesdetarde.com\/index.php\/wp-json\/wp\/v2\/posts\/141766\/revisions\/141774"}],"wp:featuredmedia":[{"embeddable":true,"href":"https:\/\/corrientesdetarde.com\/index.php\/wp-json\/wp\/v2\/media\/141773"}],"wp:attachment":[{"href":"https:\/\/corrientesdetarde.com\/index.php\/wp-json\/wp\/v2\/media?parent=141766"}],"wp:term":[{"taxonomy":"category","embeddable":true,"href":"https:\/\/corrientesdetarde.com\/index.php\/wp-json\/wp\/v2\/categories?post=141766"},{"taxonomy":"post_tag","embeddable":true,"href":"https:\/\/corrientesdetarde.com\/index.php\/wp-json\/wp\/v2\/tags?post=141766"}],"curies":[{"name":"wp","href":"https:\/\/api.w.org\/{rel}","templated":true}]}}