{"id":141783,"date":"2024-04-21T12:29:15","date_gmt":"2024-04-21T15:29:15","guid":{"rendered":"https:\/\/corrientesdetarde.com\/?p=141783"},"modified":"2024-04-21T12:36:53","modified_gmt":"2024-04-21T15:36:53","slug":"se-realizo-capacitacion-en-huertas-en-el-cpc-san-jorge","status":"publish","type":"post","link":"https:\/\/corrientesdetarde.com\/index.php\/destacados\/se-realizo-capacitacion-en-huertas-en-el-cpc-san-jorge\/","title":{"rendered":"Se realiz\u00f3 capacitaci\u00f3n en huertas en el CPC &#8220;San Jorge&#8221;"},"content":{"rendered":"\n<p>El Ministerio de Desarrollo Social en forma conjunta con el de Planificaci\u00f3n y Coordinaci\u00f3n, realizaron una capacitaci\u00f3n sobre huertas institucionales en el Centro de Promoci\u00f3n Comunitaria (CPC) &#8220;San Jorge&#8221;, ubicada\u00a0en avenida Frondizi 3400. Este tipo de actividades se llevan adelante en el marco del Programa Provincial +Vida.<\/p>\n\n\n\n<figure class=\"wp-block-image size-full\"><img loading=\"lazy\" decoding=\"async\" width=\"678\" height=\"907\" src=\"https:\/\/corrientesdetarde.com\/wp-content\/uploads\/2024\/04\/image-527.png\" alt=\"\" class=\"wp-image-141786\" srcset=\"https:\/\/corrientesdetarde.com\/wp-content\/uploads\/2024\/04\/image-527.png 678w, https:\/\/corrientesdetarde.com\/wp-content\/uploads\/2024\/04\/image-527-224x300.png 224w\" sizes=\"auto, (max-width: 678px) 100vw, 678px\" \/><\/figure>\n\n\n\n<p>De esa manera y en forma articulada, la Direcci\u00f3n de Fortalecimiento Institucional, a cargo \u00c1lvaro Rodr\u00edguez; y el \u00c1rea de Abordaje Integral de Consumos Problem\u00e1ticos, coordinado por Giselle L\u00f3pez Manzur, del Ministerio de Desarrollo Social, tuvo lugar dicha capacitaci\u00f3n te\u00f3rica pr\u00e1ctica sobre huertas institucionales, destinada a la comunidad, personal y beneficiarios\u00a0del CPC.<\/p>\n\n\n\n<figure class=\"wp-block-image size-large\"><img loading=\"lazy\" decoding=\"async\" width=\"1024\" height=\"510\" src=\"https:\/\/corrientesdetarde.com\/wp-content\/uploads\/2024\/04\/image-528-1024x510.png\" alt=\"\" class=\"wp-image-141788\" srcset=\"https:\/\/corrientesdetarde.com\/wp-content\/uploads\/2024\/04\/image-528-1024x510.png 1024w, https:\/\/corrientesdetarde.com\/wp-content\/uploads\/2024\/04\/image-528-300x149.png 300w, https:\/\/corrientesdetarde.com\/wp-content\/uploads\/2024\/04\/image-528-768x382.png 768w, https:\/\/corrientesdetarde.com\/wp-content\/uploads\/2024\/04\/image-528.png 1408w\" sizes=\"auto, (max-width: 1024px) 100vw, 1024px\" \/><\/figure>\n\n\n\n<p>El dictado estuvo a cargo de \u00c1lvaro Rodr\u00edguez y el taller tuvo como fin capacitar a los beneficiarios de la instituci\u00f3n en huertas institucionales, en producci\u00f3n y consumo, motivando sobre la importancia de las mismas y la alimentaci\u00f3n saludable, y as\u00ed, inculcar los buenos h\u00e1bitos alimentarios, la socializaci\u00f3n y el trabajo en equipo.<\/p>\n","protected":false},"excerpt":{"rendered":"<p>El Ministerio de Desarrollo Social en forma conjunta con el de Planificaci\u00f3n y Coordinaci\u00f3n, realizaron una capacitaci\u00f3n sobre huertas institucionales en el Centro de Promoci\u00f3n Comunitaria (CPC) &#8220;San Jorge&#8221;, ubicada\u00a0en&hellip; <\/p>\n","protected":false},"author":4,"featured_media":141784,"comment_status":"closed","ping_status":"open","sticky":false,"template":"","format":"standard","meta":{"footnotes":""},"categories":[26],"tags":[],"class_list":["post-141783","post","type-post","status-publish","format-standard","has-post-thumbnail","hentry","category-destacados"],"_links":{"self":[{"href":"https:\/\/corrientesdetarde.com\/index.php\/wp-json\/wp\/v2\/posts\/141783","targetHints":{"allow":["GET"]}}],"collection":[{"href":"https:\/\/corrientesdetarde.com\/index.php\/wp-json\/wp\/v2\/posts"}],"about":[{"href":"https:\/\/corrientesdetarde.com\/index.php\/wp-json\/wp\/v2\/types\/post"}],"author":[{"embeddable":true,"href":"https:\/\/corrientesdetarde.com\/index.php\/wp-json\/wp\/v2\/users\/4"}],"replies":[{"embeddable":true,"href":"https:\/\/corrientesdetarde.com\/index.php\/wp-json\/wp\/v2\/comments?post=141783"}],"version-history":[{"count":2,"href":"https:\/\/corrientesdetarde.com\/index.php\/wp-json\/wp\/v2\/posts\/141783\/revisions"}],"predecessor-version":[{"id":141789,"href":"https:\/\/corrientesdetarde.com\/index.php\/wp-json\/wp\/v2\/posts\/141783\/revisions\/141789"}],"wp:featuredmedia":[{"embeddable":true,"href":"https:\/\/corrientesdetarde.com\/index.php\/wp-json\/wp\/v2\/media\/141784"}],"wp:attachment":[{"href":"https:\/\/corrientesdetarde.com\/index.php\/wp-json\/wp\/v2\/media?parent=141783"}],"wp:term":[{"taxonomy":"category","embeddable":true,"href":"https:\/\/corrientesdetarde.com\/index.php\/wp-json\/wp\/v2\/categories?post=141783"},{"taxonomy":"post_tag","embeddable":true,"href":"https:\/\/corrientesdetarde.com\/index.php\/wp-json\/wp\/v2\/tags?post=141783"}],"curies":[{"name":"wp","href":"https:\/\/api.w.org\/{rel}","templated":true}]}}