{"id":141797,"date":"2024-04-21T18:31:58","date_gmt":"2024-04-21T21:31:58","guid":{"rendered":"https:\/\/corrientesdetarde.com\/?p=141797"},"modified":"2024-04-21T18:32:10","modified_gmt":"2024-04-21T21:32:10","slug":"martin-demichelis-explico-por-que-fue-al-vestuario-del-arbitro-despues-de-la-derrota","status":"publish","type":"post","link":"https:\/\/corrientesdetarde.com\/index.php\/deportes\/martin-demichelis-explico-por-que-fue-al-vestuario-del-arbitro-despues-de-la-derrota\/","title":{"rendered":"Mart\u00edn Demichelis explic\u00f3 por qu\u00e9 fue al vestuario del \u00e1rbitro despu\u00e9s de la derrota."},"content":{"rendered":"\n<h2 class=\"wp-block-heading\">El t\u00e9cnico del Millonario admiti\u00f3 que se acerc\u00f3 hasta el camar\u00edn de Yael Falc\u00f3n P\u00e9rez cuando termin\u00f3 el Supercl\u00e1sico en C\u00f3rdoba.<\/h2>\n\n\n\n<p><strong>River perdi\u00f3 3-2 con Boca<\/strong>\u00a0en el Mario Alberto Kempes, en C\u00f3rdoba, por los cuartos de final de la\u00a0<strong>Copa de la Liga y<\/strong>\u00a0qued\u00f3 eliminado del certamen nacional. Luego del partido el t\u00e9cnico Mart\u00edn Demichelis habl\u00f3 en conferencia de prensa y, entre otras cosas, admiti\u00f3 que cuando termin\u00f3 el encuentro fue hasta la puerta del vestuario del \u00e1rbitro\u00a0<strong>Yael Falc\u00f3n P\u00e9rez<\/strong>, quien<strong>\u00a0no convalid\u00f3 un tanto al Millonario tras un llamado de Jorge Bali\u00f1o desde el VAR.<\/strong><\/p>\n\n\n\n<p><strong>\u201cJam\u00e1s habl\u00e9 de los \u00e1rbitros y jam\u00e1s voy a hablar\u201d,<\/strong>\u00a0empez\u00f3 diciendo Demichelis y reconoci\u00f3:<strong>\u00a0\u201cFui por una cuesti\u00f3n de disculpas, por si en el final del partido alg\u00fan jugador se hab\u00eda pasado, pero me dijo que no. Fui para quedarme tranquilo\u201d.<\/strong><\/p>\n\n\n\n<p>En ese sentido, al ser consultado por el gol de Cristian Lema en contra que fue anulado a instancias del VAR, el DT de River no quiso entrar en pol\u00e9micas.\u00a0<strong>\u201cNo s\u00e9 si entr\u00f3, no lo vi\u201d<\/strong>, respondi\u00f3.<\/p>\n\n\n\n<h2 class=\"wp-block-heading\">Las frases m\u00e1s destacadas de Mart\u00edn Demichelis tras la derrota de River ante Boca en C\u00f3rdoba<\/h2>\n\n\n\n<ul class=\"wp-block-list\">\n<li>\u201cCreo que hicimos un buen primer tiempo, arrancamos mejor que el rival. Hasta el tiro libre de Zen\u00f3n ellos no nos hab\u00edan pateado. Nos hab\u00edamos acomodado con la posesi\u00f3n fluida, encontr\u00e1bamos los espacios. Los supercl\u00e1sicos se viven con much\u00edsimas emociones, para bien o mal\u201d.<\/li>\n\n\n\n<li>\u201cEllos encontraron ese gol que los pone an\u00edmicamente mejor para el segundo tiempo. Hicimos esa jugada preparada que casi nos da la ventaja, no fue gol despu\u00e9s de un parate de varios minutos y ellos volvieron a salir fortalecidos. Nos cost\u00f3 volver a acomodarnos, cuando lo quisimos hacer, nos volvieron a golpear\u201d.<\/li>\n\n\n\n<li>\u201cSe vio la rebeld\u00eda de seguir yendo para adelante a pesar de que no nos alcanz\u00f3. El segundo tiempo se hizo muy cortado, no hab\u00eda dos o tres minutos de fluidez y eso nos perjudica\u201d.<\/li>\n\n\n\n<li>\u201cEl sistema que m\u00e1s nos est\u00e1 haciendo funcionar bien es con dos delanteros. Dentro de todos ellos me decid\u00ed por Borja, que es nuestro goleador, y por Colidio, que ven\u00eda de hacer tres goles\u201d.<\/li>\n\n\n\n<li>\u201cEcheverri tuvo fiebre hasta anoche. Levant\u00f3 la mano para arrancar porque estaba mejor, si no estaba bien, no hubiera jugado\u201d.<\/li>\n\n\n\n<li>\u201cManu (Lanzini) entr\u00f3 desde el banco, fresco. A Mastantuono lo tenemos en consideraci\u00f3n, nos genera orgullo tener a un jugador de 16 a\u00f1os en el plantel. Antes de ponerlo en el primer partido le avis\u00e9 a la dirigencia que se preparan porque se iba a venir una oleada en cuanto a las miradas y los adjetivos calificativos buenos para \u00e9l. Pero nosotros lo vemos desde otra posici\u00f3n del campo, donde puede desequilibrar m\u00e1s, no lo vemos como un volante que pueda retroceder\u201d.<\/li>\n<\/ul>\n\n\n\n<p><em>Fuente: Todo Noticias.<\/em><\/p>\n","protected":false},"excerpt":{"rendered":"<p>El t\u00e9cnico del Millonario admiti\u00f3 que se acerc\u00f3 hasta el camar\u00edn de Yael Falc\u00f3n P\u00e9rez cuando termin\u00f3 el Supercl\u00e1sico en C\u00f3rdoba. River perdi\u00f3 3-2 con Boca\u00a0en el Mario Alberto Kempes,&hellip; <\/p>\n","protected":false},"author":6,"featured_media":141801,"comment_status":"closed","ping_status":"open","sticky":false,"template":"","format":"standard","meta":{"footnotes":""},"categories":[4],"tags":[],"class_list":["post-141797","post","type-post","status-publish","format-standard","has-post-thumbnail","hentry","category-deportes"],"_links":{"self":[{"href":"https:\/\/corrientesdetarde.com\/index.php\/wp-json\/wp\/v2\/posts\/141797","targetHints":{"allow":["GET"]}}],"collection":[{"href":"https:\/\/corrientesdetarde.com\/index.php\/wp-json\/wp\/v2\/posts"}],"about":[{"href":"https:\/\/corrientesdetarde.com\/index.php\/wp-json\/wp\/v2\/types\/post"}],"author":[{"embeddable":true,"href":"https:\/\/corrientesdetarde.com\/index.php\/wp-json\/wp\/v2\/users\/6"}],"replies":[{"embeddable":true,"href":"https:\/\/corrientesdetarde.com\/index.php\/wp-json\/wp\/v2\/comments?post=141797"}],"version-history":[{"count":1,"href":"https:\/\/corrientesdetarde.com\/index.php\/wp-json\/wp\/v2\/posts\/141797\/revisions"}],"predecessor-version":[{"id":141803,"href":"https:\/\/corrientesdetarde.com\/index.php\/wp-json\/wp\/v2\/posts\/141797\/revisions\/141803"}],"wp:featuredmedia":[{"embeddable":true,"href":"https:\/\/corrientesdetarde.com\/index.php\/wp-json\/wp\/v2\/media\/141801"}],"wp:attachment":[{"href":"https:\/\/corrientesdetarde.com\/index.php\/wp-json\/wp\/v2\/media?parent=141797"}],"wp:term":[{"taxonomy":"category","embeddable":true,"href":"https:\/\/corrientesdetarde.com\/index.php\/wp-json\/wp\/v2\/categories?post=141797"},{"taxonomy":"post_tag","embeddable":true,"href":"https:\/\/corrientesdetarde.com\/index.php\/wp-json\/wp\/v2\/tags?post=141797"}],"curies":[{"name":"wp","href":"https:\/\/api.w.org\/{rel}","templated":true}]}}