{"id":141806,"date":"2024-04-21T18:59:37","date_gmt":"2024-04-21T21:59:37","guid":{"rendered":"https:\/\/corrientesdetarde.com\/?p=141806"},"modified":"2024-04-21T19:00:20","modified_gmt":"2024-04-21T22:00:20","slug":"vacunacion-contra-el-dengue-ya-estan-disponibles-los-turnos","status":"publish","type":"post","link":"https:\/\/corrientesdetarde.com\/index.php\/bienestar-y-salud\/vacunacion-contra-el-dengue-ya-estan-disponibles-los-turnos\/","title":{"rendered":"Vacunaci\u00f3n contra el Dengue: est\u00e1n disponibles los turnos."},"content":{"rendered":"\n<h2 class=\"wp-block-heading\">El Gobierno provincial comunic\u00f3 que se encuentran disponibles para descargar turnos para inmunizaci\u00f3n contra el dengue. Se asign\u00f3 el turno para personas inscriptas de Capital, Santo Tom\u00e9, Virasoro, Bella Vista, Ituzaing\u00f3, San Luis del Palmar, Curuz\u00fa Cuati\u00e1, Mercedes y Saladas.<\/h2>\n\n\n\n<p>En una conferencia de prensa, integrantes del Gobierno de Corrientes dieron a conocer c\u00f3mo ser\u00e1 la inscripci\u00f3n para la vacunaci\u00f3n provincial contra el dengue.<\/p>\n\n\n\n<p>Ser\u00e1 a trav\u00e9s de la p\u00e1gina&nbsp;<strong><a href=\"https:\/\/vacunacion.corrientes.gob.ar\/\">https:\/\/vacunacion.corrientes.gob.ar\/<\/a><\/strong><\/p>\n\n\n\n<p>La vacuna ser\u00e1 para personas a partir&nbsp;<strong>de los 20 a\u00f1os de edad hasta los 40 a\u00f1os<\/strong>&nbsp;(las que no tengan obra social).<\/p>\n\n\n\n<p>Se deber\u00e1 ingresar a la p\u00e1gina y rellenar el sistema de declaraci\u00f3n jurada<\/p>\n\n\n\n<p>Desde all\u00ed ir a&nbsp;<strong>SOLICITAR TURNO<\/strong>. Se mostrar\u00e1 tambi\u00e9n videos instructivos con el PASO A PASO del sistema de turnos<\/p>\n\n\n\n<p>Se encuentra disponible Chamigo, un asistente virtual que informar\u00e1 sobre turnos y con quien se podr\u00e1 consultar tanto por s\u00edntomas como por recomendaciones, dirigi\u00e9ndose al n\u00famero\u00a0<strong>3794-556055<\/strong>.<\/p>\n\n\n\n<figure class=\"wp-block-embed is-type-rich is-provider-twitter wp-block-embed-twitter\"><div class=\"wp-block-embed__wrapper\">\n<blockquote class=\"twitter-tweet\" data-width=\"550\" data-dnt=\"true\"><p lang=\"es\" dir=\"ltr\">Se encuentran disponibles para descargar turnos para inmunizaci\u00f3n contra el dengue para personas inscriptas de <a href=\"https:\/\/twitter.com\/hashtag\/Capital?src=hash&amp;ref_src=twsrc%5Etfw\">#Capital<\/a>, <a href=\"https:\/\/twitter.com\/hashtag\/SantoTom%C3%A9?src=hash&amp;ref_src=twsrc%5Etfw\">#SantoTom\u00e9<\/a>, <a href=\"https:\/\/twitter.com\/hashtag\/Virasoro?src=hash&amp;ref_src=twsrc%5Etfw\">#Virasoro<\/a>, <a href=\"https:\/\/twitter.com\/hashtag\/BellaVista?src=hash&amp;ref_src=twsrc%5Etfw\">#BellaVista<\/a>, <a href=\"https:\/\/twitter.com\/hashtag\/Ituzaing%C3%B3?src=hash&amp;ref_src=twsrc%5Etfw\">#Ituzaing\u00f3<\/a>, <a href=\"https:\/\/twitter.com\/hashtag\/SanLuis?src=hash&amp;ref_src=twsrc%5Etfw\">#SanLuis<\/a>, <a href=\"https:\/\/twitter.com\/hashtag\/Curuz%C3%BA?src=hash&amp;ref_src=twsrc%5Etfw\">#Curuz\u00fa<\/a>, <a href=\"https:\/\/twitter.com\/hashtag\/Mercedes?src=hash&amp;ref_src=twsrc%5Etfw\">#Mercedes<\/a> y <a href=\"https:\/\/twitter.com\/hashtag\/Saladas?src=hash&amp;ref_src=twsrc%5Etfw\">#Saladas<\/a>, en la p\u00e1gina <a href=\"https:\/\/t.co\/WPVEEDzIzM\">https:\/\/t.co\/WPVEEDzIzM<\/a>.<\/p>&mdash; Gobierno de Corrientes (@CorrientesGob) <a href=\"https:\/\/twitter.com\/CorrientesGob\/status\/1782078997016252744?ref_src=twsrc%5Etfw\">April 21, 2024<\/a><\/blockquote><script async src=\"https:\/\/platform.twitter.com\/widgets.js\" charset=\"utf-8\"><\/script>\n<\/div><\/figure>\n","protected":false},"excerpt":{"rendered":"<p>El Gobierno provincial comunic\u00f3 que se encuentran disponibles para descargar turnos para inmunizaci\u00f3n contra el dengue. Se asign\u00f3 el turno para personas inscriptas de Capital, Santo Tom\u00e9, Virasoro, Bella Vista,&hellip; <\/p>\n","protected":false},"author":6,"featured_media":141811,"comment_status":"closed","ping_status":"open","sticky":false,"template":"","format":"standard","meta":{"footnotes":""},"categories":[16],"tags":[],"class_list":["post-141806","post","type-post","status-publish","format-standard","has-post-thumbnail","hentry","category-bienestar-y-salud"],"_links":{"self":[{"href":"https:\/\/corrientesdetarde.com\/index.php\/wp-json\/wp\/v2\/posts\/141806","targetHints":{"allow":["GET"]}}],"collection":[{"href":"https:\/\/corrientesdetarde.com\/index.php\/wp-json\/wp\/v2\/posts"}],"about":[{"href":"https:\/\/corrientesdetarde.com\/index.php\/wp-json\/wp\/v2\/types\/post"}],"author":[{"embeddable":true,"href":"https:\/\/corrientesdetarde.com\/index.php\/wp-json\/wp\/v2\/users\/6"}],"replies":[{"embeddable":true,"href":"https:\/\/corrientesdetarde.com\/index.php\/wp-json\/wp\/v2\/comments?post=141806"}],"version-history":[{"count":2,"href":"https:\/\/corrientesdetarde.com\/index.php\/wp-json\/wp\/v2\/posts\/141806\/revisions"}],"predecessor-version":[{"id":141813,"href":"https:\/\/corrientesdetarde.com\/index.php\/wp-json\/wp\/v2\/posts\/141806\/revisions\/141813"}],"wp:featuredmedia":[{"embeddable":true,"href":"https:\/\/corrientesdetarde.com\/index.php\/wp-json\/wp\/v2\/media\/141811"}],"wp:attachment":[{"href":"https:\/\/corrientesdetarde.com\/index.php\/wp-json\/wp\/v2\/media?parent=141806"}],"wp:term":[{"taxonomy":"category","embeddable":true,"href":"https:\/\/corrientesdetarde.com\/index.php\/wp-json\/wp\/v2\/categories?post=141806"},{"taxonomy":"post_tag","embeddable":true,"href":"https:\/\/corrientesdetarde.com\/index.php\/wp-json\/wp\/v2\/tags?post=141806"}],"curies":[{"name":"wp","href":"https:\/\/api.w.org\/{rel}","templated":true}]}}