{"id":141807,"date":"2024-04-21T18:56:18","date_gmt":"2024-04-21T21:56:18","guid":{"rendered":"https:\/\/corrientesdetarde.com\/?p=141807"},"modified":"2024-04-21T18:56:30","modified_gmt":"2024-04-21T21:56:30","slug":"chaco-desbarataron-un-bunker-de-venta-de-estupefacientes","status":"publish","type":"post","link":"https:\/\/corrientesdetarde.com\/index.php\/policiales\/chaco-desbarataron-un-bunker-de-venta-de-estupefacientes\/","title":{"rendered":"Chaco: desbarataron un b\u00fanker de venta de estupefacientes."},"content":{"rendered":"\n<h2 class=\"wp-block-heading\">La polic\u00eda de Chaco incaut\u00f3 coca\u00edna, marihuana, celulares, dinero en efectivo en el\u00a0barrio 9 de Julio en Puerto Tirol.<\/h2>\n\n\n\n<p>El personal de la Divisi\u00f3n Microtr\u00e1fico Metropolitana de Chaco desmantel\u00f3\u00a0 un b\u00fanker dedicado a la venta de estupefacientes. El operativo fue realizado en el barrio 9 de Julio de Puerto Tirol y termin\u00f3 con un hombre detenido.<\/p>\n\n\n\n<p>Previo al allanamiento en una tarea de investigaci\u00f3n, los antinarc\u00f3ticos observaron movimientos sospechosos en una residencia en la calle Pellegrini entre Mendoza y C\u00f3rdoba, sugiriendo actividades relacionadas con la venta de drogas.&nbsp;<\/p>\n\n\n\n<p>Tras obtener la orden correspondiente del Juzgado de Garant\u00edas, se confiscaron 80,7 gramos de coca\u00edna, 107 gramos de marihuana, varios recortes de polietileno, 6.969 pesos en efectivo y cuatro celulares<\/p>\n\n\n\n<p>Adem\u00e1s, se procedi\u00f3 a la detenci\u00f3n del principal morador de 29 a\u00f1os, quien fue puesto a disposici\u00f3n de la Fiscal\u00eda Antidrogas N\u00b0 1, a cargo de la Doctora Andrea Lovey Pessano. El individuo enfrenta cargos por &#8220;Supuesta Infracci\u00f3n a la Ley N\u00b0 23.737&#8221;.<\/p>\n","protected":false},"excerpt":{"rendered":"<p>La polic\u00eda de Chaco incaut\u00f3 coca\u00edna, marihuana, celulares, dinero en efectivo en el\u00a0barrio 9 de Julio en Puerto Tirol. El personal de la Divisi\u00f3n Microtr\u00e1fico Metropolitana de Chaco desmantel\u00f3\u00a0 un&hellip; <\/p>\n","protected":false},"author":6,"featured_media":141809,"comment_status":"closed","ping_status":"open","sticky":false,"template":"","format":"standard","meta":{"footnotes":""},"categories":[33],"tags":[],"class_list":["post-141807","post","type-post","status-publish","format-standard","has-post-thumbnail","hentry","category-policiales"],"_links":{"self":[{"href":"https:\/\/corrientesdetarde.com\/index.php\/wp-json\/wp\/v2\/posts\/141807","targetHints":{"allow":["GET"]}}],"collection":[{"href":"https:\/\/corrientesdetarde.com\/index.php\/wp-json\/wp\/v2\/posts"}],"about":[{"href":"https:\/\/corrientesdetarde.com\/index.php\/wp-json\/wp\/v2\/types\/post"}],"author":[{"embeddable":true,"href":"https:\/\/corrientesdetarde.com\/index.php\/wp-json\/wp\/v2\/users\/6"}],"replies":[{"embeddable":true,"href":"https:\/\/corrientesdetarde.com\/index.php\/wp-json\/wp\/v2\/comments?post=141807"}],"version-history":[{"count":1,"href":"https:\/\/corrientesdetarde.com\/index.php\/wp-json\/wp\/v2\/posts\/141807\/revisions"}],"predecessor-version":[{"id":141810,"href":"https:\/\/corrientesdetarde.com\/index.php\/wp-json\/wp\/v2\/posts\/141807\/revisions\/141810"}],"wp:featuredmedia":[{"embeddable":true,"href":"https:\/\/corrientesdetarde.com\/index.php\/wp-json\/wp\/v2\/media\/141809"}],"wp:attachment":[{"href":"https:\/\/corrientesdetarde.com\/index.php\/wp-json\/wp\/v2\/media?parent=141807"}],"wp:term":[{"taxonomy":"category","embeddable":true,"href":"https:\/\/corrientesdetarde.com\/index.php\/wp-json\/wp\/v2\/categories?post=141807"},{"taxonomy":"post_tag","embeddable":true,"href":"https:\/\/corrientesdetarde.com\/index.php\/wp-json\/wp\/v2\/tags?post=141807"}],"curies":[{"name":"wp","href":"https:\/\/api.w.org\/{rel}","templated":true}]}}