{"id":141879,"date":"2024-04-22T08:33:01","date_gmt":"2024-04-22T11:33:01","guid":{"rendered":"https:\/\/corrientesdetarde.com\/?p=141879"},"modified":"2024-04-22T08:33:13","modified_gmt":"2024-04-22T11:33:13","slug":"en-el-primer-trimestre-la-venta-local-de-combustibles-cayo-un-25","status":"publish","type":"post","link":"https:\/\/corrientesdetarde.com\/index.php\/economia\/en-el-primer-trimestre-la-venta-local-de-combustibles-cayo-un-25\/","title":{"rendered":"En el primer trimestre, la venta local de combustibles cay\u00f3 un 25%"},"content":{"rendered":"\n<p>Las estaciones de servicio de Corrientes tuvieron en marzo un peque\u00f1o repunte en sus ventas, tras seis meses de constantes ca\u00eddas en el expendio a boca de surtidor.<\/p>\n\n\n\n<p>Es as\u00ed que el mes pasado, los surtidores del Tarag\u00fc\u00ed despacharon 29.849 metros c\u00fabicos (m3) de combustibles, un 1,8% m\u00e1s que en febrero (29.307 m3), seg\u00fan difundi\u00f3 la C\u00e1mara que n\u00faclea al sector (CESCOR).<\/p>\n\n\n\n<p>No obstante, si el cotejo es con las ventas alcanzadas en marzo de 2023, la mengua es del 27,9%, ya que en ese mes las estaciones de esta provincia comercializaron 41.437 m3.<\/p>\n\n\n\n<h2 class=\"wp-block-heading\">90 d\u00edas<\/h2>\n\n\n\n<p>Si se hace un semblanteo de los tres primeros meses del a\u00f1o se puede observar que en enero, los surtidores sirvieron 14.753 m3 (en enero de 2023 el volumen fue de 15.880 m3). En tanto que en febrero, los playeros de las estaciones correntinas cargaron 29.307 m3 (en igual mes de 2023 41.756 m3) y en marzo 29.849 m3 (41.437 m3 en 2023).<\/p>\n\n\n\n<p>Si se suma lo vendido en enero, febrero y marzo (73.909 m3) y se lo mide con el expendio de igual per\u00edodo del a\u00f1o pasado (99.073 m3), se puede afirmar que en el primer trimestre del 2024, las estaciones del Tarag\u00fc\u00ed tuvieron una ca\u00edda del 25,1% en sus ventas a nivel interanual.<\/p>\n\n\n\n<h2 class=\"wp-block-heading\">Preocupaci\u00f3n del sector<\/h2>\n\n\n\n<p>El impacto de las imposiciones tarifarias y fiscales que el comercio en general viene sufriendo en los \u00faltimos meses, se suma a la recesi\u00f3n del consumo, provocando una conjunci\u00f3n de factores negativos que inquieta fuertemente a los empresarios, entre ellos los titulares de las estaciones de servicio de todo el pa\u00eds.<\/p>\n\n\n\n<p>Es as\u00ed que representantes de las expendedoras de combustibles participaron de una reuni\u00f3n plenaria en la sede de la C\u00e1mara Argentina de Comercio y Servicios, junto con la dirigencia de las dem\u00e1s actividades econ\u00f3micas PYME e industriales y acordaron presentar acciones para frenar la aplicaci\u00f3n de tasas municipales y tributos superpuestos que afectan la rentabilidad.<\/p>\n\n\n\n<p>El dirigente de la Confederaci\u00f3n de Entidades del Comercio de Hidrocarburos y Afines de la Argentina (CECHA), Carlos Pinto, dijo a surtidores.com.ar que el incremento desmedido de las facturas de servicio el\u00e9ctrico ocup\u00f3 un lugar destacado en la agenda del d\u00eda, porque tanto las Estaciones de Servicio (en especial las de GNC), como otros establecimientos comerciales, deben enfrentar gastos de energ\u00eda que en muchos casos pueden comprometer su continuidad.<\/p>\n\n\n\n<p>En ese sentido, Pinto explic\u00f3 que los dirigentes del comercio nacional est\u00e1n elaborando un documento integral para presentarles al Ministerio de Econom\u00eda, destacando que el testimonio y la experiencia del sector expendedor en materia de acciones de amparo contra la Tasa Vial, fue clave para establecer la estrategia en los planteos.<\/p>\n","protected":false},"excerpt":{"rendered":"<p>Las estaciones de servicio de Corrientes tuvieron en marzo un peque\u00f1o repunte en sus ventas, tras seis meses de constantes ca\u00eddas en el expendio a boca de surtidor. Es as\u00ed&hellip; <\/p>\n","protected":false},"author":12,"featured_media":141899,"comment_status":"closed","ping_status":"open","sticky":false,"template":"","format":"standard","meta":{"footnotes":""},"categories":[23,20],"tags":[],"class_list":["post-141879","post","type-post","status-publish","format-standard","has-post-thumbnail","hentry","category-actualidad","category-economia"],"_links":{"self":[{"href":"https:\/\/corrientesdetarde.com\/index.php\/wp-json\/wp\/v2\/posts\/141879","targetHints":{"allow":["GET"]}}],"collection":[{"href":"https:\/\/corrientesdetarde.com\/index.php\/wp-json\/wp\/v2\/posts"}],"about":[{"href":"https:\/\/corrientesdetarde.com\/index.php\/wp-json\/wp\/v2\/types\/post"}],"author":[{"embeddable":true,"href":"https:\/\/corrientesdetarde.com\/index.php\/wp-json\/wp\/v2\/users\/12"}],"replies":[{"embeddable":true,"href":"https:\/\/corrientesdetarde.com\/index.php\/wp-json\/wp\/v2\/comments?post=141879"}],"version-history":[{"count":1,"href":"https:\/\/corrientesdetarde.com\/index.php\/wp-json\/wp\/v2\/posts\/141879\/revisions"}],"predecessor-version":[{"id":141900,"href":"https:\/\/corrientesdetarde.com\/index.php\/wp-json\/wp\/v2\/posts\/141879\/revisions\/141900"}],"wp:featuredmedia":[{"embeddable":true,"href":"https:\/\/corrientesdetarde.com\/index.php\/wp-json\/wp\/v2\/media\/141899"}],"wp:attachment":[{"href":"https:\/\/corrientesdetarde.com\/index.php\/wp-json\/wp\/v2\/media?parent=141879"}],"wp:term":[{"taxonomy":"category","embeddable":true,"href":"https:\/\/corrientesdetarde.com\/index.php\/wp-json\/wp\/v2\/categories?post=141879"},{"taxonomy":"post_tag","embeddable":true,"href":"https:\/\/corrientesdetarde.com\/index.php\/wp-json\/wp\/v2\/tags?post=141879"}],"curies":[{"name":"wp","href":"https:\/\/api.w.org\/{rel}","templated":true}]}}