{"id":141880,"date":"2024-04-22T08:29:36","date_gmt":"2024-04-22T11:29:36","guid":{"rendered":"https:\/\/corrientesdetarde.com\/?p=141880"},"modified":"2024-04-22T08:29:48","modified_gmt":"2024-04-22T11:29:48","slug":"la-unne-se-debate-entre-el-ajuste-y-la-busqueda-de-equilibrio","status":"publish","type":"post","link":"https:\/\/corrientesdetarde.com\/index.php\/actualidad\/la-unne-se-debate-entre-el-ajuste-y-la-busqueda-de-equilibrio\/","title":{"rendered":"La UNNE se debate entre el ajuste y la b\u00fasqueda de equilibrio"},"content":{"rendered":"\n<p>La decisi\u00f3n presidencial de congelar los presupuestos universitarios pega fuerte. El rector de la Universidad Nacional del Nordeste (UNNE), Omar Larroza, destac\u00f3 que su gesti\u00f3n trabaja para &#8220;tener equilibrio y armon\u00eda en un tiempo prudencial&#8221;. El acad\u00e9mico tambi\u00e9n ratific\u00f3 que participar\u00e1n activamente en los reclamos convocados a nivel pa\u00eds para garantizar el presupuesto de las casas de estudios superiores.<\/p>\n\n\n\n<p>Destac\u00f3 que la decisi\u00f3n de Javier Milei de prorrogar el presupuesto 2023 complica el panorama, ya que la escalada inflacionaria pone en dificultades el funcionamiento de las facultades.<\/p>\n\n\n\n<p>Larroza, en di\u00e1logo con radio Sudamericana, explic\u00f3 que trabaja con los titulares de facultades en las reconversiones y se vieron obligados a postergar obras que estaban en marcha.<\/p>\n\n\n\n<p>&#8220;Somos moderadamente optimistas&#8221; como para llegar a final de a\u00f1o. Record\u00f3, m\u00e1s all\u00e1 de esto, que hay una propuesta de aumentar el 140 por ciento con el Gobierno nacional y comenzar desde mayo a pensar en el presupuesto de 2025.<\/p>\n\n\n\n<p>El rector del NEA no rechaza las auditorias que propone el Gobierno de La Libertad Avanza y destac\u00f3 que &#8220;el panorama es diverso en cuanto a las universidades, como por ejemplo la del Chaco, Austral, cuya sede est\u00e1 en la localidad de S\u00e1enz Pe\u00f1a, tiene incluso condenas firmes de manejos de directivos, pero en general el resto somos transparentes y estamos armonizados&#8221;.<\/p>\n\n\n\n<p>Sin embargo, critic\u00f3 que &#8220;para el Gobierno nacional, que engloba a todo el sistema con hechos que son puntuales, pagamos justos por pecadores&#8221;. Adelant\u00f3, en este marco, que la UNNE participar\u00e1 ma\u00f1ana del reclamo por el presupuesto universitario, en el que se presentar\u00e1 un documento para consolidar el pedido.<\/p>\n\n\n\n<p>Un informe sobre c\u00f3mo impacta la aplicaci\u00f3n del &#8220;plan motosierra y licuadora&#8221; revela que la UNNE registra una menor participaci\u00f3n en total de inversi\u00f3n en la educaci\u00f3n superior y es una de las casas de estudios con presencia en dos provincias y mayor cantidad de alumnos.<\/p>\n\n\n\n<p>En 2016 recibi\u00f3 2,89% del total y en 2023 el 2,66%. Adem\u00e1s, est\u00e1 casi un 270% por debajo del IPC, seg\u00fan un reciente informe de la universidad del sol.<\/p>\n\n\n\n<p>En este contexto, la defensa de la educaci\u00f3n p\u00fablica de excelencia ser\u00e1 la bandera que llevar\u00e1n ma\u00f1ana trabajadores de la UNNE y estudiantes durante la marcha federal, que en Corrientes una caravana -previa concentraci\u00f3n a las 14- partir\u00e1 a las 14:30 desde el Campus Deodoro Roca, en avenida Libertad de la ciudad de Corrientes, hasta el Campus Cabral. Cerca de las 15, desde all\u00ed se movilizar\u00e1n hasta el Campus Resistencia desde avenida Las Heras.<\/p>\n","protected":false},"excerpt":{"rendered":"<p>La decisi\u00f3n presidencial de congelar los presupuestos universitarios pega fuerte. El rector de la Universidad Nacional del Nordeste (UNNE), Omar Larroza, destac\u00f3 que su gesti\u00f3n trabaja para &#8220;tener equilibrio y&hellip; <\/p>\n","protected":false},"author":12,"featured_media":141893,"comment_status":"closed","ping_status":"open","sticky":false,"template":"","format":"standard","meta":{"footnotes":""},"categories":[23],"tags":[],"class_list":["post-141880","post","type-post","status-publish","format-standard","has-post-thumbnail","hentry","category-actualidad"],"_links":{"self":[{"href":"https:\/\/corrientesdetarde.com\/index.php\/wp-json\/wp\/v2\/posts\/141880","targetHints":{"allow":["GET"]}}],"collection":[{"href":"https:\/\/corrientesdetarde.com\/index.php\/wp-json\/wp\/v2\/posts"}],"about":[{"href":"https:\/\/corrientesdetarde.com\/index.php\/wp-json\/wp\/v2\/types\/post"}],"author":[{"embeddable":true,"href":"https:\/\/corrientesdetarde.com\/index.php\/wp-json\/wp\/v2\/users\/12"}],"replies":[{"embeddable":true,"href":"https:\/\/corrientesdetarde.com\/index.php\/wp-json\/wp\/v2\/comments?post=141880"}],"version-history":[{"count":1,"href":"https:\/\/corrientesdetarde.com\/index.php\/wp-json\/wp\/v2\/posts\/141880\/revisions"}],"predecessor-version":[{"id":141894,"href":"https:\/\/corrientesdetarde.com\/index.php\/wp-json\/wp\/v2\/posts\/141880\/revisions\/141894"}],"wp:featuredmedia":[{"embeddable":true,"href":"https:\/\/corrientesdetarde.com\/index.php\/wp-json\/wp\/v2\/media\/141893"}],"wp:attachment":[{"href":"https:\/\/corrientesdetarde.com\/index.php\/wp-json\/wp\/v2\/media?parent=141880"}],"wp:term":[{"taxonomy":"category","embeddable":true,"href":"https:\/\/corrientesdetarde.com\/index.php\/wp-json\/wp\/v2\/categories?post=141880"},{"taxonomy":"post_tag","embeddable":true,"href":"https:\/\/corrientesdetarde.com\/index.php\/wp-json\/wp\/v2\/tags?post=141880"}],"curies":[{"name":"wp","href":"https:\/\/api.w.org\/{rel}","templated":true}]}}