{"id":141901,"date":"2024-04-22T09:33:43","date_gmt":"2024-04-22T12:33:43","guid":{"rendered":"https:\/\/corrientesdetarde.com\/?p=141901"},"modified":"2024-04-22T09:33:55","modified_gmt":"2024-04-22T12:33:55","slug":"en-medio-de-la-polemica-por-los-sueldos-de-los-senadores-comienza-el-debate-de-la-ley-omnibus-en-diputados","status":"publish","type":"post","link":"https:\/\/corrientesdetarde.com\/index.php\/nacionales\/en-medio-de-la-polemica-por-los-sueldos-de-los-senadores-comienza-el-debate-de-la-ley-omnibus-en-diputados\/","title":{"rendered":"En medio de la pol\u00e9mica por los sueldos de los senadores, comienza el debate de la Ley \u00d3mnibus en Diputados"},"content":{"rendered":"\n<p>Con un clima enrarecido en la C\u00e1mara Baja por los aumentos en las dietas de los senadores nacionales, que dejan muy retrasados los ingresos mensuales que perciben sus pares de Diputados, se inician el pr\u00f3ximo mi\u00e9rcoles los plenarios de las comisiones para dictaminar la<strong>&nbsp;nueva ley \u00d3mnibus y el Acuerdo Fiscal.<\/strong>&nbsp;Las comisiones de Presupuesto y Hacienda, Legislaci\u00f3n General y Asuntos Constitucionales retomar\u00e1n el tratamiento de las iniciativas que, desde el verano, desvelan al presidente&nbsp;<strong>Javier Milei.<\/strong><\/p>\n\n\n\n<p>La reuni\u00f3n de la comisi\u00f3n de Presupuesto, que preside&nbsp;<strong>Jos\u00e9 Luis Espert<\/strong>, del pasado jueves, donde se present\u00f3 el proyecto de ley de Medidas Fiscales Paliativas y Relevantes, fue eclipsada por la votaci\u00f3n a mano alzada de los senadores nacionales que&nbsp;<strong>incrementaron sus dietas<\/strong>&nbsp;llev\u00e1ndolas en bruto a una cifra superior a los&nbsp;<strong>siete millones de pesos.<\/strong><\/p>\n\n\n\n<p>Los diputados ya est\u00e1n presionando al presidente de la C\u00e1mara, Mart\u00edn Menem, para actualizar sus ingresos. Hoy un diputado nacional percibe una dieta que alcanza, con un adicional por desarraigo, los<strong>&nbsp;dos millones de pesos.<\/strong>&nbsp;El propio Menem cont\u00f3 en la red social X que sorte\u00f3 su segundo \u201csalario\u201d como diputado nacional, emulando lo que hac\u00eda Milei cuando ocupaba una banca en el Congreso. La cifra fue de&nbsp;<strong>2.083.140 pesos.<\/strong><\/p>\n\n\n\n<p>En medio de todo esto y de la pol\u00e9mica que gener\u00f3, funcionarios del Gobierno defendieron el&nbsp;<strong>paquete fiscal<\/strong>&nbsp;en Diputados. Ante los legisladores, el secretario de Hacienda, Carlos Gubermann; la subsecretaria de Ingresos P\u00fablicos, Claudia Balestrini, y el director de Estad\u00edsticas Tributarias, Jos\u00e9 Salim, expusieron el proyecto. La iniciativa incluye la modificaci\u00f3n en el impuesto a las Ganancias, Bienes Personales, R\u00e9gimen Simplificado para Peque\u00f1os Contribuyentes y un blanqueo de capitales.<\/p>\n\n\n\n<figure class=\"wp-block-image\"><img decoding=\"async\" src=\"https:\/\/tn.com.ar\/resizer\/VNV6HRgoP9zMiEYZLUWuwlsdVkM=\/767x0\/smart\/filters:format(webp)\/cloudfront-us-east-1.images.arcpublishing.com\/artear\/HWFDPWURFNA3DPBGBQ6QXGUO24.png\" alt=\"La reuni\u00f3n de la comisi\u00f3n de Presupuesto, que preside Jos\u00e9 Luis Espert, fue eclipsada por la votaci\u00f3n a mano alzada de los senadores nacionales que incrementaron sus dietas. (Foto: Prensa C\u00e1mara de Diputados)\"\/><figcaption class=\"wp-element-caption\">La reuni\u00f3n de la comisi\u00f3n de Presupuesto, que preside Jos\u00e9 Luis Espert, fue eclipsada por la votaci\u00f3n a mano alzada de los senadores nacionales que incrementaron sus dietas. (Foto: Prensa C\u00e1mara de Diputados)<\/figcaption><\/figure>\n\n\n\n<p>Despu\u00e9s de varias rondas de negociaciones con gobernadores provinciales y bloques dialoguistas, el Gobierno logr\u00f3 entendimientos para revertir la cuarta categor\u00eda del impuesto a las ganancias, que pasar\u00e1 a llamarse&nbsp;<strong>impuesto a los ingresos.<\/strong>&nbsp;El m\u00ednimo no imponible para un soltero ser\u00e1 de<strong>&nbsp;1.800.000 pesos,<\/strong>&nbsp;mientras que para una persona casada con hijos se elevar\u00e1 a<strong>&nbsp;2.200.000 pesos.<\/strong><\/p>\n\n\n\n<p>\u201cEl proyecto tiene el fin de recomponer los ingresos fiscales eliminados entre agosto y diciembre de 2023, espec\u00edficamente en lo referido al impuesto que recae sobre los ingresos personales de los contribuyentes con mayor capacidad contributiva\u201d, fundamenta la iniciativa que lleva la firma del presidente<strong>&nbsp;Milei&nbsp;<\/strong>y de los ministros de Interior y Seguridad,<strong>&nbsp;Guillermo Francos y Patricia Bullrich<\/strong>, respectivamente.<\/p>\n","protected":false},"excerpt":{"rendered":"<p>Con un clima enrarecido en la C\u00e1mara Baja por los aumentos en las dietas de los senadores nacionales, que dejan muy retrasados los ingresos mensuales que perciben sus pares de&hellip; <\/p>\n","protected":false},"author":12,"featured_media":141923,"comment_status":"closed","ping_status":"open","sticky":false,"template":"","format":"standard","meta":{"footnotes":""},"categories":[10],"tags":[],"class_list":["post-141901","post","type-post","status-publish","format-standard","has-post-thumbnail","hentry","category-nacionales"],"_links":{"self":[{"href":"https:\/\/corrientesdetarde.com\/index.php\/wp-json\/wp\/v2\/posts\/141901","targetHints":{"allow":["GET"]}}],"collection":[{"href":"https:\/\/corrientesdetarde.com\/index.php\/wp-json\/wp\/v2\/posts"}],"about":[{"href":"https:\/\/corrientesdetarde.com\/index.php\/wp-json\/wp\/v2\/types\/post"}],"author":[{"embeddable":true,"href":"https:\/\/corrientesdetarde.com\/index.php\/wp-json\/wp\/v2\/users\/12"}],"replies":[{"embeddable":true,"href":"https:\/\/corrientesdetarde.com\/index.php\/wp-json\/wp\/v2\/comments?post=141901"}],"version-history":[{"count":1,"href":"https:\/\/corrientesdetarde.com\/index.php\/wp-json\/wp\/v2\/posts\/141901\/revisions"}],"predecessor-version":[{"id":141924,"href":"https:\/\/corrientesdetarde.com\/index.php\/wp-json\/wp\/v2\/posts\/141901\/revisions\/141924"}],"wp:featuredmedia":[{"embeddable":true,"href":"https:\/\/corrientesdetarde.com\/index.php\/wp-json\/wp\/v2\/media\/141923"}],"wp:attachment":[{"href":"https:\/\/corrientesdetarde.com\/index.php\/wp-json\/wp\/v2\/media?parent=141901"}],"wp:term":[{"taxonomy":"category","embeddable":true,"href":"https:\/\/corrientesdetarde.com\/index.php\/wp-json\/wp\/v2\/categories?post=141901"},{"taxonomy":"post_tag","embeddable":true,"href":"https:\/\/corrientesdetarde.com\/index.php\/wp-json\/wp\/v2\/tags?post=141901"}],"curies":[{"name":"wp","href":"https:\/\/api.w.org\/{rel}","templated":true}]}}