{"id":141902,"date":"2024-04-22T09:30:54","date_gmt":"2024-04-22T12:30:54","guid":{"rendered":"https:\/\/corrientesdetarde.com\/?p=141902"},"modified":"2024-04-22T09:31:06","modified_gmt":"2024-04-22T12:31:06","slug":"un-adolescente-de-15-anos-se-resistio-a-que-le-robaran-la-moto-y-le-dispararon-en-el-pecho-esta-grave","status":"publish","type":"post","link":"https:\/\/corrientesdetarde.com\/index.php\/policiales\/un-adolescente-de-15-anos-se-resistio-a-que-le-robaran-la-moto-y-le-dispararon-en-el-pecho-esta-grave\/","title":{"rendered":"Un adolescente de 15 a\u00f1os se resisti\u00f3 a que le robaran la moto y le dispararon en el pecho: est\u00e1 grave"},"content":{"rendered":"\n<p>Un grupo de al menos cuatro delincuentes intercept\u00f3 a un\u00a0a<strong>dolescente de 15 a\u00f1os para robarle\u00a0la moto y, como el chico se resisti\u00f3,\u00a0lo balearon en el pecho\u00a0<\/strong>y en una pierna. La v\u00edctima debi\u00f3 ser internada y permanece en\u00a0<strong>grave estado<\/strong>.<\/p>\n\n\n\n<p>El dram\u00e1tico episodio ocurri\u00f3 en la madrugada del s\u00e1bado en la intersecci\u00f3n de las calles Alto Alegre y Aviador Almonacid, del barrio Villa Uni\u00f3n de la ciudad de\u00a0<strong>C\u00f3rdoba.<\/strong><\/p>\n\n\n\n<p>De acuerdo a lo informado por los efectivos a los medios locales, el adolescente conduc\u00eda su moto Honda Tit\u00e1n 250 cc blanca cuando fue sorprendido por cuatro ladrones que circulaban en dos motos tambi\u00e9n.<\/p>\n\n\n\n<p>Seg\u00fan indic\u00f3 el medio<em>&nbsp;La Voz,<\/em>&nbsp;<strong>el chico se resisti\u00f3 al robo por lo que los delincuentes le dispararon,&nbsp;<\/strong>primero en el pecho y despu\u00e9s en la pierna izquierda. Tras lograr su objetivo, los asaltantes escaparon del lugar.<\/p>\n\n\n\n<figure class=\"wp-block-image\"><img decoding=\"async\" src=\"https:\/\/tn.com.ar\/resizer\/V0fr-u4GSFozKGHEoMWbFroI02Q=\/767x0\/smart\/filters:format(webp)\/cloudfront-us-east-1.images.arcpublishing.com\/artear\/7S2A2YBNAJDAZMZDQKMQU6RGAE.jpg\" alt=\"El adolescente permanece internado en el Hospital de Urgencias de C\u00f3rdoba en grave estado. (Foto: gentileza El Doce)\"\/><figcaption class=\"wp-element-caption\">El adolescente permanece internado en el Hospital de Urgencias de C\u00f3rdoba en grave estado. (Foto: gentileza El Doce)<\/figcaption><\/figure>\n\n\n\n<p>La v\u00edctima, por su parte, camin\u00f3 herido hasta la casa de un familiar que, al verlo, enseguida llam\u00f3 a la Polic\u00eda. R\u00e1pidamente solicitaron una ambulancia que lo traslad\u00f3 hasta el Hospital de Pronta Atenci\u00f3n Teresa de Calcuta.<\/p>\n\n\n\n<p>Debido a la gravedad del cuadro, el adolescente tuvo que ser derivado al Hospital de Urgencias, en donde se encuentra internado en estado cr\u00edtico. De acuerdo al parte m\u00e9dico,&nbsp;<strong>el primer disparo le afect\u00f3 \u00f3rganos internos y posteriormente se aloj\u00f3 en el sector abdominal.&nbsp;<\/strong>El segundo, por su parte,<strong>&nbsp;le afect\u00f3 una arteria.<\/strong><\/p>\n\n\n\n<p>El chico permanece en estado de coma inducido y con respiraci\u00f3n artificial asistida y hasta el momento no se brindaron m\u00e1s datos al respecto de su salud.<\/p>\n\n\n\n<p>Por ahora,&nbsp;<strong>no hay personas detenidas&nbsp;<\/strong>por el brutal ataque, pero se sospecha que los delincuentes forman parte de una pandilla que act\u00faa por la zona. La Polic\u00eda realiza tareas de investigaci\u00f3n en el lugar del hecho para dar con ellos.<\/p>\n\n\n\n<p>La semana pasada, una adolescente de la misma edad tambi\u00e9n fue v\u00edctima de un hecho de inseguridad en el que<strong>\u00a0result\u00f3 herida.\u00a0<\/strong>Dos delincuentes la interceptaron cuando\u00a0<strong>sali\u00f3 de su casa para sacar la basura y\u00a0la apu\u00f1alaron para robarle el celular<\/strong>.\u00a0La chica tuvo que ser trasladada al hospital, pero se encuentra fuera de peligro.<\/p>\n\n\n\n<figure class=\"wp-block-image\"><img decoding=\"async\" src=\"https:\/\/tn.com.ar\/resizer\/JhU95nwa9OArDs5W0jaXABDEgS4=\/767x0\/smart\/filters:format(webp)\/cloudfront-us-east-1.images.arcpublishing.com\/artear\/ND4DAMEV5NBNDKJZVTYGYTAETY.jpg\" alt=\"La chica fue asistida en el Hospital &quot;Dr. Alejandro Korn&quot;. (Foto: Facebook Hospital &quot;Dr. Alejandro Korn&quot;)\"\/><figcaption class=\"wp-element-caption\">La chica fue asistida en el Hospital &#8220;Dr. Alejandro Korn&#8221;. (Foto: Facebook Hospital &#8220;Dr. Alejandro Korn&#8221;)<\/figcaption><\/figure>\n\n\n\n<p>El violento episodio ocurri\u00f3 en la vereda de una vivienda ubicada en la calle 43, entre 173 y 174, en el barrio Lisandro Olmos de la localidad bonaerense de\u00a0La Plata.<\/p>\n\n\n\n<p>De acuerdo a lo informado por los investigadores, la v\u00edctima<strong>&nbsp;sali\u00f3 de su casa para ir a tirar la bolsa de basura<\/strong>&nbsp;cuando fue sorprendida por dos asaltantes que circulaban en moto. Uno de ellos se baj\u00f3 y para robarle el celular&nbsp;<strong>le provoc\u00f3 un corte en el antebrazo izquierdo<\/strong>&nbsp;y le quito el aparato. Tras ello escap\u00f3 a toda velocidad junto a su c\u00f3mplice.<\/p>\n\n\n\n<p>Poco despu\u00e9s, la v\u00edctima tuvo que ser trasladada por su madre al hospital Alejandro Korn de Melchor Romero. En el centro de salud constataron que la herida no era de gravedad, por lo que la suturaron y tras ello le dieron el alta.<\/p>\n","protected":false},"excerpt":{"rendered":"<p>Un grupo de al menos cuatro delincuentes intercept\u00f3 a un\u00a0adolescente de 15 a\u00f1os para robarle\u00a0la moto y, como el chico se resisti\u00f3,\u00a0lo balearon en el pecho\u00a0y en una pierna. La&hellip; <\/p>\n","protected":false},"author":12,"featured_media":141920,"comment_status":"closed","ping_status":"open","sticky":false,"template":"","format":"standard","meta":{"footnotes":""},"categories":[33],"tags":[],"class_list":["post-141902","post","type-post","status-publish","format-standard","has-post-thumbnail","hentry","category-policiales"],"_links":{"self":[{"href":"https:\/\/corrientesdetarde.com\/index.php\/wp-json\/wp\/v2\/posts\/141902","targetHints":{"allow":["GET"]}}],"collection":[{"href":"https:\/\/corrientesdetarde.com\/index.php\/wp-json\/wp\/v2\/posts"}],"about":[{"href":"https:\/\/corrientesdetarde.com\/index.php\/wp-json\/wp\/v2\/types\/post"}],"author":[{"embeddable":true,"href":"https:\/\/corrientesdetarde.com\/index.php\/wp-json\/wp\/v2\/users\/12"}],"replies":[{"embeddable":true,"href":"https:\/\/corrientesdetarde.com\/index.php\/wp-json\/wp\/v2\/comments?post=141902"}],"version-history":[{"count":1,"href":"https:\/\/corrientesdetarde.com\/index.php\/wp-json\/wp\/v2\/posts\/141902\/revisions"}],"predecessor-version":[{"id":141922,"href":"https:\/\/corrientesdetarde.com\/index.php\/wp-json\/wp\/v2\/posts\/141902\/revisions\/141922"}],"wp:featuredmedia":[{"embeddable":true,"href":"https:\/\/corrientesdetarde.com\/index.php\/wp-json\/wp\/v2\/media\/141920"}],"wp:attachment":[{"href":"https:\/\/corrientesdetarde.com\/index.php\/wp-json\/wp\/v2\/media?parent=141902"}],"wp:term":[{"taxonomy":"category","embeddable":true,"href":"https:\/\/corrientesdetarde.com\/index.php\/wp-json\/wp\/v2\/categories?post=141902"},{"taxonomy":"post_tag","embeddable":true,"href":"https:\/\/corrientesdetarde.com\/index.php\/wp-json\/wp\/v2\/tags?post=141902"}],"curies":[{"name":"wp","href":"https:\/\/api.w.org\/{rel}","templated":true}]}}