{"id":141905,"date":"2024-04-22T09:22:44","date_gmt":"2024-04-22T12:22:44","guid":{"rendered":"https:\/\/corrientesdetarde.com\/?p=141905"},"modified":"2024-04-22T09:22:55","modified_gmt":"2024-04-22T12:22:55","slug":"un-joven-con-paralisis-cerebral-fue-detenido-por-un-robo-millonario-y-su-familia-denuncio-a-los-policias","status":"publish","type":"post","link":"https:\/\/corrientesdetarde.com\/index.php\/policiales\/un-joven-con-paralisis-cerebral-fue-detenido-por-un-robo-millonario-y-su-familia-denuncio-a-los-policias\/","title":{"rendered":"Un joven con par\u00e1lisis cerebral fue detenido por un robo millonario y su familia denunci\u00f3 a los polic\u00edas"},"content":{"rendered":"\n<p>Un&nbsp;<strong>robo millonario<\/strong>&nbsp;en el centro de la ciudad de C\u00f3rdoba volvi\u00f3 a colocar a la Polic\u00eda de esa provincia bajo la lupa tras la pol\u00e9mica detenci\u00f3n de Maximiliano Tejerina, un joven con discapacidades<strong>&nbsp;al que<\/strong>&nbsp;<strong>habr\u00edan confundido con un ladr\u00f3n<\/strong>&nbsp;que se escap\u00f3 corriendo.<\/p>\n\n\n\n<p>La secuencia empez\u00f3 cerca de las 17 cuando al menos cinco delincuentes, cuatro a bordo de dos motos y otro en un auto, interceptaron a un taxista que&nbsp;<strong>sal\u00eda de una financiera con 5 millones<\/strong>&nbsp;de pesos para robarle y, al huir, lo atropellaron dos veces.<\/p>\n\n\n\n<p>Poco despu\u00e9s la polic\u00eda lleg\u00f3 al lugar y en base a las declaraciones de los<strong>&nbsp;testigos y de la propia v\u00edctima<\/strong>&nbsp;detuvo a un sospechoso: era Tejerina. La familia denunci\u00f3 inmediatamente el error, pero a\u00fan as\u00ed el joven estuvo<strong>&nbsp;demorado casi 24 horas.<\/strong><\/p>\n\n\n\n<p>Su esposa cont\u00f3 que Tejerina \u201cpadece de\u00a0<strong>anormalidades de la marcha y de la movilidad<\/strong>; disfasia y afasia, y secuelas de traumatismo intracraneal a ra\u00edz de un\u00a0<strong>disparo de arma de fuego recibido a sus 11 a\u00f1os,<\/strong>\u00a0lo que se traduce en una p\u00e9rdida del habla y una gran dificultad para mover tanto sus brazos como sus piernas\u201d.<\/p>\n\n\n\n<figure class=\"wp-block-image\"><img decoding=\"async\" src=\"https:\/\/tn.com.ar\/resizer\/QmeEK6vc8DhvPnyetZs5ZdR6K7g=\/767x0\/smart\/filters:format(webp)\/cloudfront-us-east-1.images.arcpublishing.com\/artear\/OHQIJCLKMFFC5N7ADX75UAAOKQ.JPG\" alt=\"Tejerina es Data Scientist y profesional egresado de Famaf en la UNC. (Foto: gentileza La Voz).\"\/><figcaption class=\"wp-element-caption\">Tejerina es Data Scientist y profesional egresado de Famaf en la UNC. (Foto: gentileza La Voz).<\/figcaption><\/figure>\n\n\n\n<p>\u201cNo puede subir y bajar r\u00e1pido de una moto ni manejar un veh\u00edculo, de hecho los colectivos tienen que esperar a que pueda subir\u201d, agreg\u00f3 su abogado, Iv\u00e1n Mochkofsky, en otra entrevista televisiva. Y se\u00f1al\u00f3: \u201c<strong>Le cuesta mover las manos, las tiene como en garra,<\/strong>&nbsp;es bastante loco que piensen que \u00e9l por su discapacidad pueda hacerlo&#8230;.No puede zamarrear a una persona, no puede agarrar un bolso y correr f\u00e1cilmente\u201d.<\/p>\n\n\n\n<h2 class=\"wp-block-heading\">Liberaron a Tejerina, pero seguir\u00e1 investigado<\/h2>\n\n\n\n<p>El s\u00e1bado por la tarde el fiscal de Instrucci\u00f3n del Distrito 1, turno 2, Guillermo Gonz\u00e1lez, dispuso la liberaci\u00f3n de Tejerina basado en \u201cla&nbsp;<strong>carencia de antecedentes y la falta de indicios de peligrosidad<\/strong>&nbsp;procesal, pero se mantuvo la imputaci\u00f3n y contin\u00faa el proceso penal en su contra\u201d. Seg\u00fan detallaron los medios locales, la causa pasar\u00e1 ahora al fiscal natural por jurisdicci\u00f3n territorial, el fiscal de Instrucci\u00f3n del Distrito 1 turno 6, Jos\u00e9 Bringas.<\/p>\n\n\n\n<p>\u201cMe dijo que a pesar de las circunstancias estaba bien, pudo hablar por primera vez porque le facilit\u00e9 mi computadora\u201d, coment\u00f3 Mochkofsky a&nbsp;<em>El Doce<\/em>. Por otro lado, si bien remarc\u00f3 que su cliente \u201cno fue golpeado en ning\u00fan momento\u201d, afirm\u00f3:<strong>&nbsp;\u201cS\u00ed hubo violencia psicol\u00f3gica<\/strong>&nbsp;por parte del personal policial. Hay que ver de qui\u00e9nes exactamente\u201d.<\/p>\n\n\n\n<p>En este sentido, el abogado indic\u00f3 que<strong>&nbsp;\u201c(los polic\u00edas) se burlaban de su condici\u00f3n<\/strong>, de pedirle que haga cosas que \u00e9l no pod\u00eda hacer con sus manos, hablar o sacar la lengua, cosas que no puede hacer\u201d. \u201cDe burlarse de que no hay forma que pueda robar\u201d, apunt\u00f3.<\/p>\n\n\n\n<p>En tanto,&nbsp;<strong>desde la fiscal\u00eda que investiga el caso negaron<\/strong>&nbsp;que el joven cordob\u00e9s haya sufrido maltrato.<\/p>\n","protected":false},"excerpt":{"rendered":"<p>Un&nbsp;robo millonario&nbsp;en el centro de la ciudad de C\u00f3rdoba volvi\u00f3 a colocar a la Polic\u00eda de esa provincia bajo la lupa tras la pol\u00e9mica detenci\u00f3n de Maximiliano Tejerina, un joven&hellip; <\/p>\n","protected":false},"author":12,"featured_media":141915,"comment_status":"closed","ping_status":"open","sticky":false,"template":"","format":"standard","meta":{"footnotes":""},"categories":[33],"tags":[],"class_list":["post-141905","post","type-post","status-publish","format-standard","has-post-thumbnail","hentry","category-policiales"],"_links":{"self":[{"href":"https:\/\/corrientesdetarde.com\/index.php\/wp-json\/wp\/v2\/posts\/141905","targetHints":{"allow":["GET"]}}],"collection":[{"href":"https:\/\/corrientesdetarde.com\/index.php\/wp-json\/wp\/v2\/posts"}],"about":[{"href":"https:\/\/corrientesdetarde.com\/index.php\/wp-json\/wp\/v2\/types\/post"}],"author":[{"embeddable":true,"href":"https:\/\/corrientesdetarde.com\/index.php\/wp-json\/wp\/v2\/users\/12"}],"replies":[{"embeddable":true,"href":"https:\/\/corrientesdetarde.com\/index.php\/wp-json\/wp\/v2\/comments?post=141905"}],"version-history":[{"count":1,"href":"https:\/\/corrientesdetarde.com\/index.php\/wp-json\/wp\/v2\/posts\/141905\/revisions"}],"predecessor-version":[{"id":141916,"href":"https:\/\/corrientesdetarde.com\/index.php\/wp-json\/wp\/v2\/posts\/141905\/revisions\/141916"}],"wp:featuredmedia":[{"embeddable":true,"href":"https:\/\/corrientesdetarde.com\/index.php\/wp-json\/wp\/v2\/media\/141915"}],"wp:attachment":[{"href":"https:\/\/corrientesdetarde.com\/index.php\/wp-json\/wp\/v2\/media?parent=141905"}],"wp:term":[{"taxonomy":"category","embeddable":true,"href":"https:\/\/corrientesdetarde.com\/index.php\/wp-json\/wp\/v2\/categories?post=141905"},{"taxonomy":"post_tag","embeddable":true,"href":"https:\/\/corrientesdetarde.com\/index.php\/wp-json\/wp\/v2\/tags?post=141905"}],"curies":[{"name":"wp","href":"https:\/\/api.w.org\/{rel}","templated":true}]}}