{"id":141908,"date":"2024-04-22T09:15:01","date_gmt":"2024-04-22T12:15:01","guid":{"rendered":"https:\/\/corrientesdetarde.com\/?p=141908"},"modified":"2024-04-22T09:15:12","modified_gmt":"2024-04-22T12:15:12","slug":"violento-ataque-a-una-joven-para-robarle-la-bicicleta-a-metros-de-la-costanera-de-corrientes","status":"publish","type":"post","link":"https:\/\/corrientesdetarde.com\/index.php\/policiales\/violento-ataque-a-una-joven-para-robarle-la-bicicleta-a-metros-de-la-costanera-de-corrientes\/","title":{"rendered":"Violento ataque a una joven para robarle la bicicleta a metros de la Costanera de Corrientes"},"content":{"rendered":"\n<p>Una joven mujer fue v\u00edctima de un salvaje ataque de delincuentes que la tiraron al piso y arrastraron para robarle la bicicleta y una mochila. El ataque ocurri\u00f3 este domingo cerca de las 16 al costado del puente General Manuel Belgrano. Polic\u00edas del GRIM 1 recuperaron las cosas en una persecuci\u00f3n. La bicicleta la hab\u00edan tirado sobre un techo.<\/p>\n\n\n\n<p>Un hecho de extrema violencia ocurri\u00f3 ayer en horas de la tarde por calle Lavalle, a metros de la Costanera y frente al acceso de una universidad privada ubicada en la zona.<\/p>\n\n\n\n<p>Al menos dos delincuentes, con un nivel de violencia inusitada, atacaron a una joven que circulaba en bicicleta: la tiraron al piso y le robaron el veh\u00edculo y una mochila.<\/p>\n\n\n\n<p>La chica termin\u00f3 con algunos magullones al caer al piso.<\/p>\n\n\n\n<p>Casi de inmediato lleg\u00f3 personal policial que r\u00e1pidamente identific\u00f3 a los ladrones que escaparon por un pasillo de calle Suipacha.<\/p>\n\n\n\n<p>El accionar policial tuvo por resistencia a vecinos que atacaron a los efectivos impidi\u00e9ndoles dar con los ladrones. No obstante, se recuperaron los elementos robados.Previous<\/p>\n\n\n<div class=\"wp-block-image\">\n<figure class=\"aligncenter\"><img decoding=\"async\" src=\"https:\/\/www.radiodos.com.ar\/content\/bucket\/0\/230420h720.jpg.webp\" alt=\"chica atacada 1.jpg\"\/><\/figure>\n<\/div>\n\n<div class=\"wp-block-image\">\n<figure class=\"aligncenter\"><img decoding=\"async\" src=\"https:\/\/www.radiodos.com.ar\/content\/bucket\/1\/230421h720.jpg.webp\" alt=\"chica atacada 2.jpg\"\/><\/figure>\n<\/div>\n\n<div class=\"wp-block-image\">\n<figure class=\"aligncenter\"><img decoding=\"async\" src=\"https:\/\/www.radiodos.com.ar\/content\/bucket\/2\/230422h720.jpg.webp\" alt=\"chica atacada 3.jpg\"\/><\/figure>\n<\/div>\n\n\n<p><\/p>\n\n\n<div class=\"wp-block-image\">\n<figure class=\"aligncenter\"><img decoding=\"async\" src=\"https:\/\/www.radiodos.com.ar\/content\/bucket\/0\/230420h720.jpg.webp\" alt=\"chica atacada 1.jpg\"\/><\/figure>\n<\/div>\n\n\n<p><\/p>\n","protected":false},"excerpt":{"rendered":"<p>Una joven mujer fue v\u00edctima de un salvaje ataque de delincuentes que la tiraron al piso y arrastraron para robarle la bicicleta y una mochila. El ataque ocurri\u00f3 este domingo&hellip; <\/p>\n","protected":false},"author":12,"featured_media":141909,"comment_status":"closed","ping_status":"open","sticky":false,"template":"","format":"standard","meta":{"footnotes":""},"categories":[33],"tags":[],"class_list":["post-141908","post","type-post","status-publish","format-standard","has-post-thumbnail","hentry","category-policiales"],"_links":{"self":[{"href":"https:\/\/corrientesdetarde.com\/index.php\/wp-json\/wp\/v2\/posts\/141908","targetHints":{"allow":["GET"]}}],"collection":[{"href":"https:\/\/corrientesdetarde.com\/index.php\/wp-json\/wp\/v2\/posts"}],"about":[{"href":"https:\/\/corrientesdetarde.com\/index.php\/wp-json\/wp\/v2\/types\/post"}],"author":[{"embeddable":true,"href":"https:\/\/corrientesdetarde.com\/index.php\/wp-json\/wp\/v2\/users\/12"}],"replies":[{"embeddable":true,"href":"https:\/\/corrientesdetarde.com\/index.php\/wp-json\/wp\/v2\/comments?post=141908"}],"version-history":[{"count":1,"href":"https:\/\/corrientesdetarde.com\/index.php\/wp-json\/wp\/v2\/posts\/141908\/revisions"}],"predecessor-version":[{"id":141910,"href":"https:\/\/corrientesdetarde.com\/index.php\/wp-json\/wp\/v2\/posts\/141908\/revisions\/141910"}],"wp:featuredmedia":[{"embeddable":true,"href":"https:\/\/corrientesdetarde.com\/index.php\/wp-json\/wp\/v2\/media\/141909"}],"wp:attachment":[{"href":"https:\/\/corrientesdetarde.com\/index.php\/wp-json\/wp\/v2\/media?parent=141908"}],"wp:term":[{"taxonomy":"category","embeddable":true,"href":"https:\/\/corrientesdetarde.com\/index.php\/wp-json\/wp\/v2\/categories?post=141908"},{"taxonomy":"post_tag","embeddable":true,"href":"https:\/\/corrientesdetarde.com\/index.php\/wp-json\/wp\/v2\/tags?post=141908"}],"curies":[{"name":"wp","href":"https:\/\/api.w.org\/{rel}","templated":true}]}}