{"id":141997,"date":"2024-04-22T13:12:54","date_gmt":"2024-04-22T16:12:54","guid":{"rendered":"https:\/\/corrientesdetarde.com\/?p=141997"},"modified":"2024-04-22T13:13:06","modified_gmt":"2024-04-22T16:13:06","slug":"corrientes-lanzo-su-operativo-provincial-de-evaluacion","status":"publish","type":"post","link":"https:\/\/corrientesdetarde.com\/index.php\/destacados\/corrientes-lanzo-su-operativo-provincial-de-evaluacion\/","title":{"rendered":"Corrientes lanz\u00f3 su Operativo Provincial de Evaluaci\u00f3n"},"content":{"rendered":"\n<p>La ministra de Educaci\u00f3n Pr\u00e1xedes L\u00f3pez, encabez\u00f3 esta ma\u00f1ana la presentaci\u00f3n del Corrientes Operativo Provincial de Evaluaci\u00f3n Cope Digital 2024 Modalidad Educaci\u00f3n T\u00e9cnico Profesional. De esta manera, Corrientes se convierte en una de las seis provincias que cuentan con operativo jurisdiccional de evaluaci\u00f3n y en la \u00fanica que lo hace en formato digital.<\/p>\n\n\n\n<p>El Cope tiene como objetivo realizar un diagn\u00f3stico del nivel o grado de apropiaci\u00f3n de los saberes y capacidades en los campos de Formaci\u00f3n General, Cient\u00edfico Tecnol\u00f3gico y Formaci\u00f3n T\u00e9cnico Espec\u00edfico, brindando informaci\u00f3n a los niveles y escuelas de la provincia sobre el estado de situaci\u00f3n acad\u00e9mica de los estudiantes del \u00faltimo a\u00f1o de cursado. Esto permitir\u00e1 dise\u00f1ar estrategias institucionales tendientes a lograr el desarrollo de las capacidades, y que se pretenden afianzar en la culminaci\u00f3n del recorrido formativo de cada perfil profesional evaluado. El dispositivo se desarrollar\u00e1 en dos etapas, la primera durante el mes de abril y la segunda en octubre &#8211; noviembre.<\/p>\n\n\n\n<p>\u201cRealmente es un trabajo inmenso el que hace la Direcci\u00f3n de Planeamiento e Investigaci\u00f3n Educativa\u201d, dijo la Ministra en tanto remarc\u00f3 que este trabajo va a permitir al Ministerio contar con evidencia para replantear pr\u00e1cticas y tomar decisiones. \u201cFelicitaciones nuevamente y esto va a ser un antes y un despu\u00e9s\u201d asegur\u00f3.<\/p>\n\n\n\n<p>En el mismo sentido, el director de Planeamiento e Investigaci\u00f3n Educativa Julio Simonit explic\u00f3 que el mecanismo de implementaci\u00f3n incluye instrumentos de evaluaci\u00f3n digital dise\u00f1ados en base a \u00edtems cerrados que permitir\u00e1n visualizar el grado de apropiaci\u00f3n de saberes.<\/p>\n\n\n\n<p>\u201cCorrientes desde el 2022 implementa el Cope, en el 2023 lanz\u00f3 Cope digital a trav\u00e9s del uso de tecnolog\u00eda de la Direcci\u00f3n de Sistemas y este a\u00f1o nos convertimos en una de las primeras provincias en implementar Cope digital en Educaci\u00f3n T\u00e9cnica\u201d, cont\u00f3 el funcionario.<\/p>\n\n\n\n<p>El proceso de digitalizaci\u00f3n de los instrumentos y el dise\u00f1o del software para la tabulaci\u00f3n de los resultados est\u00e1 a cargo de la Direcci\u00f3n de Sistemas de Informaci\u00f3n.<\/p>\n\n\n\n<p>Las evaluaciones tienen la caracter\u00edstica de ser Instrumentos auto administrados &#8211; Digital Off line. Con una Estructura de Cuestionario Integrado con preguntas cerradas de opci\u00f3n m\u00faltiple; el que complementado con preguntas de Lengua y Matem\u00e1tica integradas constituyen un solo cuestionario.<\/p>\n\n\n\n<p>Consecutivamente se aplicar\u00e1 un Cuestionario Complementario del Estudiante, el que permitir\u00e1 contar con informaci\u00f3n sobre las caracter\u00edsticas sociales de los estudiantes, las caracter\u00edsticas de las escuelas y de la experiencia educativa de los estudiantes en ellas, con el fin de identificar aquellas condiciones o variables que muestran mayor asociaci\u00f3n con los resultados obtenidos. La informaci\u00f3n relevada ser\u00e1 devuelta a las escuelas.<\/p>\n\n\n\n<p>El acto de esta ma\u00f1ana cont\u00f3 adem\u00e1s con la presencia del subsecretario de Gesti\u00f3n Educativa Julio Nav\u00edas, el director de Secundaria Sergio Guti\u00e9rrez, el director de Educaci\u00f3n T\u00e9cnico profesional Sergio Paniagua, el Director de Sistemas Carlos Encina, el referente Jurisdiccional plan Cope Iv\u00e1n V\u00e1squez, y el asesor T\u00e9cnico Ram\u00f3n Zampayo.<\/p>\n\n\n\n<figure class=\"wp-block-image size-large\"><img loading=\"lazy\" decoding=\"async\" width=\"1024\" height=\"682\" src=\"https:\/\/corrientesdetarde.com\/wp-content\/uploads\/2024\/04\/image-532-1024x682.png\" alt=\"\" class=\"wp-image-141998\" srcset=\"https:\/\/corrientesdetarde.com\/wp-content\/uploads\/2024\/04\/image-532-1024x682.png 1024w, https:\/\/corrientesdetarde.com\/wp-content\/uploads\/2024\/04\/image-532-300x200.png 300w, https:\/\/corrientesdetarde.com\/wp-content\/uploads\/2024\/04\/image-532-768x512.png 768w, https:\/\/corrientesdetarde.com\/wp-content\/uploads\/2024\/04\/image-532-1536x1023.png 1536w, https:\/\/corrientesdetarde.com\/wp-content\/uploads\/2024\/04\/image-532.png 1600w\" sizes=\"auto, (max-width: 1024px) 100vw, 1024px\" \/><\/figure>\n\n\n\n<figure class=\"wp-block-image size-large\"><img loading=\"lazy\" decoding=\"async\" width=\"1024\" height=\"682\" src=\"https:\/\/corrientesdetarde.com\/wp-content\/uploads\/2024\/04\/image-533-1024x682.png\" alt=\"\" class=\"wp-image-141999\" srcset=\"https:\/\/corrientesdetarde.com\/wp-content\/uploads\/2024\/04\/image-533-1024x682.png 1024w, https:\/\/corrientesdetarde.com\/wp-content\/uploads\/2024\/04\/image-533-300x200.png 300w, https:\/\/corrientesdetarde.com\/wp-content\/uploads\/2024\/04\/image-533-768x512.png 768w, https:\/\/corrientesdetarde.com\/wp-content\/uploads\/2024\/04\/image-533-1536x1023.png 1536w, https:\/\/corrientesdetarde.com\/wp-content\/uploads\/2024\/04\/image-533.png 1600w\" sizes=\"auto, (max-width: 1024px) 100vw, 1024px\" \/><\/figure>\n\n\n\n<figure class=\"wp-block-image size-large\"><img loading=\"lazy\" decoding=\"async\" width=\"1024\" height=\"682\" src=\"https:\/\/corrientesdetarde.com\/wp-content\/uploads\/2024\/04\/image-534-1024x682.png\" alt=\"\" class=\"wp-image-142000\" srcset=\"https:\/\/corrientesdetarde.com\/wp-content\/uploads\/2024\/04\/image-534-1024x682.png 1024w, https:\/\/corrientesdetarde.com\/wp-content\/uploads\/2024\/04\/image-534-300x200.png 300w, https:\/\/corrientesdetarde.com\/wp-content\/uploads\/2024\/04\/image-534-768x512.png 768w, https:\/\/corrientesdetarde.com\/wp-content\/uploads\/2024\/04\/image-534-1536x1023.png 1536w, https:\/\/corrientesdetarde.com\/wp-content\/uploads\/2024\/04\/image-534.png 1600w\" sizes=\"auto, (max-width: 1024px) 100vw, 1024px\" \/><\/figure>\n\n\n\n<figure class=\"wp-block-image size-large\"><img loading=\"lazy\" decoding=\"async\" width=\"1024\" height=\"682\" src=\"https:\/\/corrientesdetarde.com\/wp-content\/uploads\/2024\/04\/image-535-1024x682.png\" alt=\"\" class=\"wp-image-142001\" srcset=\"https:\/\/corrientesdetarde.com\/wp-content\/uploads\/2024\/04\/image-535-1024x682.png 1024w, https:\/\/corrientesdetarde.com\/wp-content\/uploads\/2024\/04\/image-535-300x200.png 300w, https:\/\/corrientesdetarde.com\/wp-content\/uploads\/2024\/04\/image-535-768x512.png 768w, https:\/\/corrientesdetarde.com\/wp-content\/uploads\/2024\/04\/image-535-1536x1023.png 1536w, https:\/\/corrientesdetarde.com\/wp-content\/uploads\/2024\/04\/image-535.png 1600w\" sizes=\"auto, (max-width: 1024px) 100vw, 1024px\" \/><\/figure>\n\n\n\n<figure class=\"wp-block-image size-large\"><img loading=\"lazy\" decoding=\"async\" width=\"1024\" height=\"682\" src=\"https:\/\/corrientesdetarde.com\/wp-content\/uploads\/2024\/04\/image-536-1024x682.png\" alt=\"\" class=\"wp-image-142002\" srcset=\"https:\/\/corrientesdetarde.com\/wp-content\/uploads\/2024\/04\/image-536-1024x682.png 1024w, https:\/\/corrientesdetarde.com\/wp-content\/uploads\/2024\/04\/image-536-300x200.png 300w, https:\/\/corrientesdetarde.com\/wp-content\/uploads\/2024\/04\/image-536-768x512.png 768w, https:\/\/corrientesdetarde.com\/wp-content\/uploads\/2024\/04\/image-536-1536x1023.png 1536w, https:\/\/corrientesdetarde.com\/wp-content\/uploads\/2024\/04\/image-536.png 1600w\" sizes=\"auto, (max-width: 1024px) 100vw, 1024px\" \/><\/figure>\n","protected":false},"excerpt":{"rendered":"<p>La ministra de Educaci\u00f3n Pr\u00e1xedes L\u00f3pez, encabez\u00f3 esta ma\u00f1ana la presentaci\u00f3n del Corrientes Operativo Provincial de Evaluaci\u00f3n Cope Digital 2024 Modalidad Educaci\u00f3n T\u00e9cnico Profesional. De esta manera, Corrientes se convierte&hellip; <\/p>\n","protected":false},"author":8,"featured_media":142001,"comment_status":"closed","ping_status":"open","sticky":false,"template":"","format":"standard","meta":{"footnotes":""},"categories":[26,32],"tags":[],"class_list":["post-141997","post","type-post","status-publish","format-standard","has-post-thumbnail","hentry","category-destacados","category-educacion"],"_links":{"self":[{"href":"https:\/\/corrientesdetarde.com\/index.php\/wp-json\/wp\/v2\/posts\/141997","targetHints":{"allow":["GET"]}}],"collection":[{"href":"https:\/\/corrientesdetarde.com\/index.php\/wp-json\/wp\/v2\/posts"}],"about":[{"href":"https:\/\/corrientesdetarde.com\/index.php\/wp-json\/wp\/v2\/types\/post"}],"author":[{"embeddable":true,"href":"https:\/\/corrientesdetarde.com\/index.php\/wp-json\/wp\/v2\/users\/8"}],"replies":[{"embeddable":true,"href":"https:\/\/corrientesdetarde.com\/index.php\/wp-json\/wp\/v2\/comments?post=141997"}],"version-history":[{"count":1,"href":"https:\/\/corrientesdetarde.com\/index.php\/wp-json\/wp\/v2\/posts\/141997\/revisions"}],"predecessor-version":[{"id":142003,"href":"https:\/\/corrientesdetarde.com\/index.php\/wp-json\/wp\/v2\/posts\/141997\/revisions\/142003"}],"wp:featuredmedia":[{"embeddable":true,"href":"https:\/\/corrientesdetarde.com\/index.php\/wp-json\/wp\/v2\/media\/142001"}],"wp:attachment":[{"href":"https:\/\/corrientesdetarde.com\/index.php\/wp-json\/wp\/v2\/media?parent=141997"}],"wp:term":[{"taxonomy":"category","embeddable":true,"href":"https:\/\/corrientesdetarde.com\/index.php\/wp-json\/wp\/v2\/categories?post=141997"},{"taxonomy":"post_tag","embeddable":true,"href":"https:\/\/corrientesdetarde.com\/index.php\/wp-json\/wp\/v2\/tags?post=141997"}],"curies":[{"name":"wp","href":"https:\/\/api.w.org\/{rel}","templated":true}]}}