{"id":142004,"date":"2024-04-22T13:15:20","date_gmt":"2024-04-22T16:15:20","guid":{"rendered":"https:\/\/corrientesdetarde.com\/?p=142004"},"modified":"2024-04-22T13:15:32","modified_gmt":"2024-04-22T16:15:32","slug":"tras-su-nuevo-paso-por-malvinas-los-20-ex-combatientes-correntinos-seran-recibidos-este-lunes-en-capital","status":"publish","type":"post","link":"https:\/\/corrientesdetarde.com\/index.php\/sociales\/tras-su-nuevo-paso-por-malvinas-los-20-ex-combatientes-correntinos-seran-recibidos-este-lunes-en-capital\/","title":{"rendered":"Tras su nuevo paso por Malvinas, los 20 Ex combatientes correntinos ser\u00e1n recibidos este lunes en Capital"},"content":{"rendered":"\n<p>El contingente de 20 ex soldados correntinos en Malvinas, que volvieron a la Islas el pasado s\u00e1bado 13 de abril, como parte de un programa que lleva adelante el Gobierno provincial, por cuarta ocasi\u00f3n, ser\u00e1n recibidos este lunes desde las 20, frente al ex Regimiento N\u00b0 9 \u201cCoronel Pagola\u201d, en la intersecci\u00f3n de las avenidas Costanera y 3 de Abril. En la oportunidad, autoridades provinciales dar\u00e1n la bienvenida a los mismos h\u00e9roes,&nbsp;bajo los acordes de la Banda de m\u00fasica del Servicio penitenciario y la guarda de honor del cuerpo de Cazadores Correntinos.<\/p>\n\n\n\n<figure class=\"wp-block-image size-large\"><img loading=\"lazy\" decoding=\"async\" width=\"1024\" height=\"682\" src=\"https:\/\/corrientesdetarde.com\/wp-content\/uploads\/2024\/04\/image-537-1024x682.png\" alt=\"\" class=\"wp-image-142005\" srcset=\"https:\/\/corrientesdetarde.com\/wp-content\/uploads\/2024\/04\/image-537-1024x682.png 1024w, https:\/\/corrientesdetarde.com\/wp-content\/uploads\/2024\/04\/image-537-300x200.png 300w, https:\/\/corrientesdetarde.com\/wp-content\/uploads\/2024\/04\/image-537-768x512.png 768w, https:\/\/corrientesdetarde.com\/wp-content\/uploads\/2024\/04\/image-537-1536x1023.png 1536w, https:\/\/corrientesdetarde.com\/wp-content\/uploads\/2024\/04\/image-537.png 1600w\" sizes=\"auto, (max-width: 1024px) 100vw, 1024px\" \/><\/figure>\n","protected":false},"excerpt":{"rendered":"<p>El contingente de 20 ex soldados correntinos en Malvinas, que volvieron a la Islas el pasado s\u00e1bado 13 de abril, como parte de un programa que lleva adelante el Gobierno&hellip; <\/p>\n","protected":false},"author":8,"featured_media":142006,"comment_status":"closed","ping_status":"open","sticky":false,"template":"","format":"standard","meta":{"footnotes":""},"categories":[17],"tags":[],"class_list":["post-142004","post","type-post","status-publish","format-standard","has-post-thumbnail","hentry","category-sociales"],"_links":{"self":[{"href":"https:\/\/corrientesdetarde.com\/index.php\/wp-json\/wp\/v2\/posts\/142004","targetHints":{"allow":["GET"]}}],"collection":[{"href":"https:\/\/corrientesdetarde.com\/index.php\/wp-json\/wp\/v2\/posts"}],"about":[{"href":"https:\/\/corrientesdetarde.com\/index.php\/wp-json\/wp\/v2\/types\/post"}],"author":[{"embeddable":true,"href":"https:\/\/corrientesdetarde.com\/index.php\/wp-json\/wp\/v2\/users\/8"}],"replies":[{"embeddable":true,"href":"https:\/\/corrientesdetarde.com\/index.php\/wp-json\/wp\/v2\/comments?post=142004"}],"version-history":[{"count":1,"href":"https:\/\/corrientesdetarde.com\/index.php\/wp-json\/wp\/v2\/posts\/142004\/revisions"}],"predecessor-version":[{"id":142007,"href":"https:\/\/corrientesdetarde.com\/index.php\/wp-json\/wp\/v2\/posts\/142004\/revisions\/142007"}],"wp:featuredmedia":[{"embeddable":true,"href":"https:\/\/corrientesdetarde.com\/index.php\/wp-json\/wp\/v2\/media\/142006"}],"wp:attachment":[{"href":"https:\/\/corrientesdetarde.com\/index.php\/wp-json\/wp\/v2\/media?parent=142004"}],"wp:term":[{"taxonomy":"category","embeddable":true,"href":"https:\/\/corrientesdetarde.com\/index.php\/wp-json\/wp\/v2\/categories?post=142004"},{"taxonomy":"post_tag","embeddable":true,"href":"https:\/\/corrientesdetarde.com\/index.php\/wp-json\/wp\/v2\/tags?post=142004"}],"curies":[{"name":"wp","href":"https:\/\/api.w.org\/{rel}","templated":true}]}}