{"id":142095,"date":"2024-04-22T20:31:52","date_gmt":"2024-04-22T23:31:52","guid":{"rendered":"https:\/\/corrientesdetarde.com\/?p=142095"},"modified":"2024-04-22T20:32:03","modified_gmt":"2024-04-22T23:32:03","slug":"san-lorenzo-comienza-la-era-romagnoli-con-un-partido-vital-ante-liverpool-en-uruguay","status":"publish","type":"post","link":"https:\/\/corrientesdetarde.com\/index.php\/deportes\/san-lorenzo-comienza-la-era-romagnoli-con-un-partido-vital-ante-liverpool-en-uruguay\/","title":{"rendered":"San Lorenzo comienza la era Romagnoli con un partido vital ante Liverpool en Uruguay"},"content":{"rendered":"\n<p>El equipo de Boedo necesita acomodarse en el Grupo F de la Copa Libertadores tras cosechar un empate y una derrota.<\/p>\n\n\n\n<p><strong>San Lorenzo comenzar\u00e1 ma\u00f1ana oficialmente el ciclo de Leandro Romagnoli como entrenador en un partido vital para sus aspiraciones en la Copa Libertadores<\/strong>, frente a Liverpool en Uruguay por la tercera fecha del Grupo F.<\/p>\n\n\n\n<p><strong>El encuentro se jugar\u00e1 desde las 21 y contar\u00e1 con el arbitraje del peruano Roberto P\u00e9rez junto a su compatriota Augusto Men\u00e9ndez en el VAR, mientras que la transmisi\u00f3n en vivo ser\u00e1 de Fox Sports.<\/strong><\/p>\n\n\n\n<p>San Lorenzo confirm\u00f3 en los \u00faltimos d\u00edas a Romagnoli como reemplazante de&nbsp;<strong>Ruben Dar\u00edo Insua<\/strong>, luego de que el \u201cPipi\u201d fuese interino en el \u00faltimo compromiso en la Copa de la Liga, que fue empate sin goles con Central C\u00f3rdoba en Santiago del Estero.<\/p>\n\n\n\n<p>Ahora, el ex enganche tendr\u00e1 un duro desaf\u00edo, dado que San Lorenzo viene de igualar y perder en las dos primeras fechas del certamen continental, por lo que necesita una victoria para acomodarse en el grupo.<\/p>\n\n\n\n<p>En cuanto a lo futbol\u00edstico,&nbsp;<strong>Cristian Ferreira<\/strong>&nbsp;volver\u00e1 a ser baja en el conjunto azulgrana al no haberse recuperado de la dolencia muscular que lo margin\u00f3 de los \u00faltimos partidos.<\/p>\n\n\n\n<p>Liverpool, por su parte, acumula un punto al igual que San Lorenzo en lo que va de la competencia, dado que empat\u00f3 como local con Independiente del Valle y cay\u00f3 en su visita a Palmeiras en la segunda jornada.<\/p>\n\n\n\n<p><strong>Las siguientes son las probables formaciones y otros detalles del partido:<\/strong><\/p>\n\n\n\n<p>Copa Libertadores.<\/p>\n\n\n\n<p>Fecha 3-Grupo F.<\/p>\n\n\n\n<p>Estadio: Centenario de Montevideo.<\/p>\n\n\n\n<p>\u00c1rbitro. Roberto P\u00e9rez (PER\u00da).<\/p>\n\n\n\n<p>VAR: Augusto Men\u00e9ndez (PER\u00da).<\/p>\n\n\n\n<p>Hora: 21. &nbsp; TV: Fox Sports.<\/p>\n\n\n\n<p><strong>Liverpool:<\/strong>&nbsp;Carlos&nbsp;Lentinelly; Kevin&nbsp;Amaro, Jean Pierre&nbsp;Rosso, Mat\u00edas&nbsp;De Los Santos, Agust\u00edn&nbsp;Cayetano&nbsp;y Miguel \u00c1ngel&nbsp;Samudio; Mart\u00edn&nbsp;Barrios, Lucas&nbsp;Lemos&nbsp;y Diego&nbsp;Garc\u00eda; Luciano&nbsp;Rodr\u00edguez&nbsp;y Mat\u00edas&nbsp;Ocampo. DT: Emiliano&nbsp;Alfaro.<\/p>\n\n\n\n<p><strong>San Lorenzo:<\/strong>&nbsp;Facundo&nbsp;Altamirano; Gonzalo&nbsp;Luj\u00e1n, Jhohan&nbsp;Roma\u00f1a, Gast\u00f3n&nbsp;Campi, Malcom&nbsp;Braida; Eli\u00e1n&nbsp;Irala, Francisco&nbsp;Perruzzi; Agust\u00edn&nbsp;Giay, Tob\u00edas&nbsp;Medina, Nahuel&nbsp;Barrios; Adam&nbsp;Bareiro. DT: Leandro&nbsp;Romagnoli.&nbsp;<\/p>\n","protected":false},"excerpt":{"rendered":"<p>El equipo de Boedo necesita acomodarse en el Grupo F de la Copa Libertadores tras cosechar un empate y una derrota. San Lorenzo comenzar\u00e1 ma\u00f1ana oficialmente el ciclo de Leandro&hellip; <\/p>\n","protected":false},"author":4,"featured_media":142105,"comment_status":"closed","ping_status":"open","sticky":false,"template":"","format":"standard","meta":{"footnotes":""},"categories":[4],"tags":[],"class_list":["post-142095","post","type-post","status-publish","format-standard","has-post-thumbnail","hentry","category-deportes"],"_links":{"self":[{"href":"https:\/\/corrientesdetarde.com\/index.php\/wp-json\/wp\/v2\/posts\/142095","targetHints":{"allow":["GET"]}}],"collection":[{"href":"https:\/\/corrientesdetarde.com\/index.php\/wp-json\/wp\/v2\/posts"}],"about":[{"href":"https:\/\/corrientesdetarde.com\/index.php\/wp-json\/wp\/v2\/types\/post"}],"author":[{"embeddable":true,"href":"https:\/\/corrientesdetarde.com\/index.php\/wp-json\/wp\/v2\/users\/4"}],"replies":[{"embeddable":true,"href":"https:\/\/corrientesdetarde.com\/index.php\/wp-json\/wp\/v2\/comments?post=142095"}],"version-history":[{"count":1,"href":"https:\/\/corrientesdetarde.com\/index.php\/wp-json\/wp\/v2\/posts\/142095\/revisions"}],"predecessor-version":[{"id":142106,"href":"https:\/\/corrientesdetarde.com\/index.php\/wp-json\/wp\/v2\/posts\/142095\/revisions\/142106"}],"wp:featuredmedia":[{"embeddable":true,"href":"https:\/\/corrientesdetarde.com\/index.php\/wp-json\/wp\/v2\/media\/142105"}],"wp:attachment":[{"href":"https:\/\/corrientesdetarde.com\/index.php\/wp-json\/wp\/v2\/media?parent=142095"}],"wp:term":[{"taxonomy":"category","embeddable":true,"href":"https:\/\/corrientesdetarde.com\/index.php\/wp-json\/wp\/v2\/categories?post=142095"},{"taxonomy":"post_tag","embeddable":true,"href":"https:\/\/corrientesdetarde.com\/index.php\/wp-json\/wp\/v2\/tags?post=142095"}],"curies":[{"name":"wp","href":"https:\/\/api.w.org\/{rel}","templated":true}]}}