{"id":142129,"date":"2024-04-23T00:01:44","date_gmt":"2024-04-23T03:01:44","guid":{"rendered":"https:\/\/corrientesdetarde.com\/?p=142129"},"modified":"2024-04-23T00:02:15","modified_gmt":"2024-04-23T03:02:15","slug":"retorno-el-contingente-de-ex-combatientes-correntinos-que-partio-a-malvinas","status":"publish","type":"post","link":"https:\/\/corrientesdetarde.com\/index.php\/locales\/retorno-el-contingente-de-ex-combatientes-correntinos-que-partio-a-malvinas\/","title":{"rendered":"Retorn\u00f3 el contingente de Ex combatientes correntinos que parti\u00f3 a Malvinas"},"content":{"rendered":"\n<p>Este lunes por la noche en la bajada del Puente General Belgrano por Av. 3 de abril, regresaron los 20 Ex combatientes de Corrientes, acompa\u00f1ados por un coordinador\u00a0y dos periodistas, que viajaron con destino a Malvinas el pasado 12 de abril. Los ex soldados estuvieron 8 d\u00edas en el lugar donde hace 42 a\u00f1os combatieron al invasor ingl\u00e9s.<\/p>\n\n\n\n<p>Los Ex combatientes fueron recibidos con todos los honores, por el ministro de Seguridad, Buenaventura Duarte,&nbsp;el director Provincial de Malvinas Argentinas, Jos\u00e9 Galv\u00e1n,&nbsp;familiares, amigos, allegados, otros Ex Combatientes, y por los Centros de Ex Combatientes y Familiares de H\u00e9roes de Malvinas de diferentes localidades del interior.<\/p>\n\n\n\n<p>Asimismo, una formaci\u00f3n de Cazadores Correntinos y la Banda de M\u00fasica del Servicio Penitenciario de Corrientes se hicieron presentes, esta \u00faltima, ejecutando la Marcha de las Malvinas y un repertorio de chamam\u00e9.<\/p>\n\n\n\n<figure class=\"wp-block-image size-large\"><img loading=\"lazy\" decoding=\"async\" width=\"1024\" height=\"730\" src=\"https:\/\/corrientesdetarde.com\/wp-content\/uploads\/2024\/04\/image-584-1024x730.png\" alt=\"\" class=\"wp-image-142174\" srcset=\"https:\/\/corrientesdetarde.com\/wp-content\/uploads\/2024\/04\/image-584-1024x730.png 1024w, https:\/\/corrientesdetarde.com\/wp-content\/uploads\/2024\/04\/image-584-300x214.png 300w, https:\/\/corrientesdetarde.com\/wp-content\/uploads\/2024\/04\/image-584-768x548.png 768w, https:\/\/corrientesdetarde.com\/wp-content\/uploads\/2024\/04\/image-584.png 1227w\" sizes=\"auto, (max-width: 1024px) 100vw, 1024px\" \/><\/figure>\n\n\n\n<p>Los correntinos llegaron en avi\u00f3n hasta el Aeropuerto Internacional de Resistencia, y luego abordaron el colectivo de la Provincia de Corrientes que los llev\u00f3 hasta&nbsp;la bajada del Puente General Belgrano por Av. 3 de abril, zona cercana al Ex Regimiento.&nbsp;Los Ex combatientes llenos de emoci\u00f3n, en forma conjunta gritaron, reiteradas veces, \u201cViva la Patria\u201d, al regresar de las Islas donde defendieron con u\u00f1as y dientes esa porci\u00f3n de territorio argentino, contra el invasor ingl\u00e9s en 1982, durante la conocida guerra.<\/p>\n\n\n\n<p>La n\u00f3mina de quienes viajaron es la siguiente: Adolfo Aguirre (Capital); Ram\u00f3n Aranda (Itat\u00ed); Jorge Baldini (Goya); Miguel Ben\u00edtez (Mantilla); Juan C\u00e1ceres (Capital); Jos\u00e9 Carbonell (Paso de los Libres); Ram\u00f3n Cerd\u00e1n (Ituzaing\u00f3); Ger\u00f3nimo Da Silva (Gobernador Virasoro); Homero Dom\u00ednguez (Bella Vista); Daniel Duarte (Capital); \u00c1ngel Flores (coordinador); Jos\u00e9 Flores (Monte Caseros); Ram\u00f3n G\u00f3mez (San Luis del Palmar); Ram\u00f3n Gonz\u00e1lez (Sause); Alejandro Gonz\u00e1lez (Capital);\u00a0 Sergio Khouri (Curuz\u00fa Cuati\u00e1);\u00a0 Faustino Mi\u00f1o (Saladas); Juan de Dios Monz\u00f3n (Mercedes); Ram\u00f3n Echeverr\u00eda (Gobernador Virasoro); Miguel Toledo (San Cosme); Rub\u00e9n Torres (Saladas); Myriam Fleitas (periodista) y Marcelo Nu\u00f1ez (periodista).<\/p>\n\n\n\n<figure class=\"wp-block-image size-large\"><img loading=\"lazy\" decoding=\"async\" width=\"1024\" height=\"680\" src=\"https:\/\/corrientesdetarde.com\/wp-content\/uploads\/2024\/04\/image-586-1024x680.png\" alt=\"\" class=\"wp-image-142176\" srcset=\"https:\/\/corrientesdetarde.com\/wp-content\/uploads\/2024\/04\/image-586-1024x680.png 1024w, https:\/\/corrientesdetarde.com\/wp-content\/uploads\/2024\/04\/image-586-300x199.png 300w, https:\/\/corrientesdetarde.com\/wp-content\/uploads\/2024\/04\/image-586-768x510.png 768w, https:\/\/corrientesdetarde.com\/wp-content\/uploads\/2024\/04\/image-586.png 1374w\" sizes=\"auto, (max-width: 1024px) 100vw, 1024px\" \/><\/figure>\n\n\n\n<p><strong>Buenaventura Duarte<\/strong><\/p>\n\n\n\n<p>En representaci\u00f3n del Gobierno provincial, recibi\u00f3 a los veteranos de Malvinas, el ministro de Seguridad, Buenaventura Duarte. Y en el lugar, manifest\u00f3 que \u201cestoy muy contento de representar al Gobierno Provincial, as\u00ed como cuando partieron desde el aeropuerto\u201d.<\/p>\n\n\n\n<figure class=\"wp-block-image size-full\"><img loading=\"lazy\" decoding=\"async\" width=\"924\" height=\"769\" src=\"https:\/\/corrientesdetarde.com\/wp-content\/uploads\/2024\/04\/image-583.png\" alt=\"\" class=\"wp-image-142173\" srcset=\"https:\/\/corrientesdetarde.com\/wp-content\/uploads\/2024\/04\/image-583.png 924w, https:\/\/corrientesdetarde.com\/wp-content\/uploads\/2024\/04\/image-583-300x250.png 300w, https:\/\/corrientesdetarde.com\/wp-content\/uploads\/2024\/04\/image-583-768x639.png 768w\" sizes=\"auto, (max-width: 924px) 100vw, 924px\" \/><\/figure>\n\n\n\n<p>\u201cLos recibimos con honores de h\u00e9roes, quer\u00edamos saber c\u00f3mo llegaron, c\u00f3mo estuvieron, y hasta hay testimonios que impactan\u201d, sostuvo el ministro y cont\u00f3 que \u201cuno me abrazo, y me dijo que el testimonio que traigo, 42 a\u00f1os despu\u00e9s, es muy lindo y voy a vivir con esto toda mi vida\u201d.<\/p>\n\n\n\n<p>\u201cTodo esto marca una pol\u00edtica que est\u00e1 haciendo el Gobernador, con estos h\u00e9roes de la patria que defendieron la soberan\u00eda de las Islas Malvinas\u201d, puso de relieve Buenaventura Duarte, y agreg\u00f3 que \u201chay mochilas que hay que sacarse en alg\u00fan momento de la vida terrenal\u201d.<\/p>\n\n\n\n<p><strong>\u00c1ngel<\/strong><strong>&nbsp;Flores detall<\/strong><strong>\u00f3<\/strong><strong>&nbsp;el viaje<\/strong><\/p>\n\n\n\n<p>Fue un viaje muy bueno para nosotros, en especial los 20 que viajaron conmigo han podido recorrer muchos lugares en la Islas y visitar especialmente el Cementerio de Darwin a visitar a nuestros camaradas muertos, y despu\u00e9s cada uno recorri\u00f3 su posici\u00f3n\u201d, expres\u00f3 inicialmente el delegado y coordinador del viaje y Ex combatiente del Batall\u00f3n N\u00b05 de Infanter\u00eda Marina fuera de Tierra del Fuego, \u00c1ngel Flores, al retornar con el contingente.<\/p>\n\n\n\n<p>El coordinador coment\u00f3 que recorrieron las posiciones de Darwin, Ganzo Verde, Monte Tumbledown, Monte Williams, y resalt\u00f3 que \u201ccaminamos mucho, porque hay que hacer muchos kil\u00f3metros para recorrer\u201d.<\/p>\n\n\n\n<p>\u201cLas vivencias que se pueden recoger son los testimonios de mis compa\u00f1eros, este es mi cuarto viaje como coordinador, y el primero fue brutal porque te chocas con toda la emoci\u00f3n, y recuerdas todo nuevamente, y te encuentras con todo lo que dejaste ah\u00ed\u201d, precis\u00f3 Flores.<\/p>\n\n\n\n<p>\u201cEstos viajes nos ayudan mucho, ya se han salvado 80 Ex Combatientes con estos viajes, estamos bien y felices, cada vez que volvemos all\u00e1 somos otras personas\u201d, concret\u00f3 \u00c1ngel Flores.<\/p>\n\n\n\n<p><strong>Palabras de un Ex Combatiente<\/strong><\/p>\n\n\n\n<p>Por su parte, Ram\u00f3n G\u00f3mez, oriundo de San Luis del Palmar, al respecto expres\u00f3 su agradecimiento al gobierno de la Provincia y a sus compa\u00f1eros por la experiencia renovadora, y tambi\u00e9n a la gente de Corrientes por el c\u00e1lido recibimiento, \u201ca los que se acercaron hasta aqu\u00ed, seguramente dejaron por ah\u00ed alguna cosa cotidiana que ten\u00edan que hacer, y se acercaron hasta este lugar\u201d.<\/p>\n\n\n\n<p>\u201cPara m\u00ed esto es una herida cerrada, es una mochila pesada que dejamos. Es como haber ido a un retiro espiritual\u201d, sobresalt\u00f3 G\u00f3mez y agreg\u00f3 que volvi\u00f3 \u201ctotalmente renovado, con otro pensamiento, pude visitar a mis camaradas que est\u00e1n fallecidos all\u00e1, visit\u00e9 todas mis posiciones donde combat\u00ed y donde estuve tambi\u00e9n prisionero\u201d.<\/p>\n\n\n\n<p>\u201cGracias al Gobierno por esto, lo que hicieron posible para que nosotros podamos llegar hasta Malvinas\u201d, apunt\u00f3 el ex soldado, y agreg\u00f3 que \u201ctodos los lugares recorrimos, no hay un hueco donde no llegamos\u201d.<\/p>\n\n\n\n<figure class=\"wp-block-image size-large\"><img loading=\"lazy\" decoding=\"async\" width=\"1024\" height=\"682\" src=\"https:\/\/corrientesdetarde.com\/wp-content\/uploads\/2024\/04\/image-585-1024x682.png\" alt=\"\" class=\"wp-image-142175\" srcset=\"https:\/\/corrientesdetarde.com\/wp-content\/uploads\/2024\/04\/image-585-1024x682.png 1024w, https:\/\/corrientesdetarde.com\/wp-content\/uploads\/2024\/04\/image-585-300x200.png 300w, https:\/\/corrientesdetarde.com\/wp-content\/uploads\/2024\/04\/image-585-768x511.png 768w, https:\/\/corrientesdetarde.com\/wp-content\/uploads\/2024\/04\/image-585.png 1373w\" sizes=\"auto, (max-width: 1024px) 100vw, 1024px\" \/><\/figure>\n","protected":false},"excerpt":{"rendered":"<p>Este lunes por la noche en la bajada del Puente General Belgrano por Av. 3 de abril, regresaron los 20 Ex combatientes de Corrientes, acompa\u00f1ados por un coordinador\u00a0y dos periodistas,&hellip; <\/p>\n","protected":false},"author":4,"featured_media":142172,"comment_status":"closed","ping_status":"open","sticky":false,"template":"","format":"standard","meta":{"footnotes":""},"categories":[8],"tags":[],"class_list":["post-142129","post","type-post","status-publish","format-standard","has-post-thumbnail","hentry","category-locales"],"_links":{"self":[{"href":"https:\/\/corrientesdetarde.com\/index.php\/wp-json\/wp\/v2\/posts\/142129","targetHints":{"allow":["GET"]}}],"collection":[{"href":"https:\/\/corrientesdetarde.com\/index.php\/wp-json\/wp\/v2\/posts"}],"about":[{"href":"https:\/\/corrientesdetarde.com\/index.php\/wp-json\/wp\/v2\/types\/post"}],"author":[{"embeddable":true,"href":"https:\/\/corrientesdetarde.com\/index.php\/wp-json\/wp\/v2\/users\/4"}],"replies":[{"embeddable":true,"href":"https:\/\/corrientesdetarde.com\/index.php\/wp-json\/wp\/v2\/comments?post=142129"}],"version-history":[{"count":2,"href":"https:\/\/corrientesdetarde.com\/index.php\/wp-json\/wp\/v2\/posts\/142129\/revisions"}],"predecessor-version":[{"id":142178,"href":"https:\/\/corrientesdetarde.com\/index.php\/wp-json\/wp\/v2\/posts\/142129\/revisions\/142178"}],"wp:featuredmedia":[{"embeddable":true,"href":"https:\/\/corrientesdetarde.com\/index.php\/wp-json\/wp\/v2\/media\/142172"}],"wp:attachment":[{"href":"https:\/\/corrientesdetarde.com\/index.php\/wp-json\/wp\/v2\/media?parent=142129"}],"wp:term":[{"taxonomy":"category","embeddable":true,"href":"https:\/\/corrientesdetarde.com\/index.php\/wp-json\/wp\/v2\/categories?post=142129"},{"taxonomy":"post_tag","embeddable":true,"href":"https:\/\/corrientesdetarde.com\/index.php\/wp-json\/wp\/v2\/tags?post=142129"}],"curies":[{"name":"wp","href":"https:\/\/api.w.org\/{rel}","templated":true}]}}