{"id":142159,"date":"2024-04-22T23:44:07","date_gmt":"2024-04-23T02:44:07","guid":{"rendered":"https:\/\/corrientesdetarde.com\/?p=142159"},"modified":"2024-04-22T23:44:10","modified_gmt":"2024-04-23T02:44:10","slug":"el-inter-de-lautaro-martinez-le-gano-el-clasico-al-milan-y-se-consagro-campeon-de-la-serie-a-de-italia","status":"publish","type":"post","link":"https:\/\/corrientesdetarde.com\/index.php\/deportes\/el-inter-de-lautaro-martinez-le-gano-el-clasico-al-milan-y-se-consagro-campeon-de-la-serie-a-de-italia\/","title":{"rendered":"El Inter de Lautaro Mart\u00ednez le gan\u00f3 el cl\u00e1sico al Mil\u00e1n y se consagr\u00f3 campe\u00f3n de la Serie A de Italia"},"content":{"rendered":"\n<p>Tras tres a\u00f1os, el equipo de Simone Inzaghi conquist\u00f3 el torneo dom\u00e9stico italiano.<\/p>\n\n\n\n<p><strong>El Inter<\/strong>, con el argentino<a href=\"https:\/\/noticiasargentinas.com\/deportes\/lautaro-martinez-sobre-el-penal-de-montiel-ante-francia---yo-queria-patearlo-_a657385996918e6786c196210\">&nbsp;<strong>Lautaro Mart\u00ednez&nbsp;<\/strong><\/a><strong>de titular&nbsp;<\/strong>todo el partido,&nbsp;<strong>le gan\u00f3 2-1 al Mil\u00e1n&nbsp;<\/strong>en el marco del&nbsp;<strong>\u2018<\/strong><strong>Derby della Madonnina\u2019 de la fecha 33 de la Serie A&nbsp;<\/strong>y, tras tres a\u00f1os,&nbsp;<strong>se consagr\u00f3 campe\u00f3n a falta de cinco fechas.<\/strong><\/p>\n\n\n\n<p>En el estadio San Siro,<strong>&nbsp;el l\u00edder y el escolta del torneo se enfrentaban en un cl\u00e1sico que pod\u00eda sentenciar la competencia<\/strong>&nbsp;ya que el<strong>&nbsp;Inter le llevaba 14 puntos al Mil\u00e1n<\/strong>&nbsp;a falta de seis jornadas, lo que indicaba que una victoria de los \u201cNeroazurro\u201d les dar\u00eda el campeonato italiano luego de tres a\u00f1os.&nbsp;<\/p>\n\n\n\n<p>El equipo de Simone Inzaghi abri\u00f3 el marcador a los 18 minutos de juego con el&nbsp;<strong>gol de Francesco Acerbi.<\/strong>&nbsp;Desde la izquierda,&nbsp;<strong>Federico Dimarco ejecut\u00f3 un gran tiro de esquina al primer palo a la cabeza del franc\u00e9s Benjamin Pavard que cabece\u00f3 con direcci\u00f3n al \u00e1rea chica, lugar donde el zaguero central del Inter marc\u00f3 de cabeza&nbsp;<\/strong>el 1-0.&nbsp;<\/p>\n\n\n\n<p>Ya en el complemento, el l\u00edder del torneo ampli\u00f3 la ventaja a los cinco minutos con el<strong>&nbsp;gol del franc\u00e9s Marcus Thuram<\/strong>. Tras una salida desde el fondo,&nbsp;<strong>Alessandro Bastoni meti\u00f3 un pelotazo largo para el delantero galo que, mano a mano ante su marca, sali\u00f3 para afuera, recort\u00f3 para adentro y sac\u00f3 un remate rasante al primer palo poniendo el 2-0<\/strong>&nbsp;que acercaba al Inter a un nuevo Scudetto.&nbsp;<\/p>\n\n\n\n<p>A falta de diez minutos, el Mil\u00e1n le puso dramatismo al partido con el&nbsp;<strong>gol del ingl\u00e9s Fikayo Tomori.<\/strong>&nbsp;En tres cuartos del campo del Inter,&nbsp;<strong>el nigeriano Samuel Chukwueze meti\u00f3 el pelotazo cruzado al segundo palo para el portugu\u00e9s Rafael Leao que la baj\u00f3 al \u00e1rea chica para que Matteo Gabbia cabece\u00e9, el arquero Yan Sommer d\u00e9 rebote y el zaguero central ingl\u00e9s la empuje<\/strong>&nbsp;para descontar.&nbsp;<\/p>\n\n\n\n<p>En el tiempo agregado del partido,&nbsp;<strong>el \u00e1rbitro Andrea Colombo sac\u00f3 tres tarjetas rojas&nbsp;<\/strong>en medio de tumultos entre los jugadores. En un primer altercado entre los dos equipos,&nbsp;<strong>el juez expuls\u00f3 al franc\u00e9s Theo Hern\u00e1ndez y al neerland\u00e9s Denzel Dumfries<\/strong>&nbsp;mientras que, en el segundo, qui\u00e9n&nbsp;<strong>dej\u00f3 la cancha fue Davide Calabria.&nbsp;<\/strong><\/p>\n\n\n\n<p>Con este resultado,&nbsp;<strong>el Inter se consagr\u00f3 campe\u00f3n a falta de cinco fechas y levant\u00f3 su vig\u00e9simo Sucudetto<\/strong>. El \u00faltimo hab\u00eda sido en la<strong>&nbsp;temporada 2020\/21<\/strong>, conquistando la Serie A con 91 puntos y el Mil\u00e1n como escolta.&nbsp;<\/p>\n\n\n\n<p>El delantero argentino campe\u00f3n del mundo,<strong>&nbsp;Lautaro Mart\u00ednez, fue capit\u00e1n del Inter y jug\u00f3 todo el partido<\/strong>&nbsp;en el ataque con Thuram. El ex Racing, que es el&nbsp;<strong>m\u00e1ximo goleador del torneo con 23<\/strong>&nbsp;tantos,&nbsp;<strong>conquist\u00f3 su segunda Serie A y su sexto t\u00edtulo con el club milan\u00e9s.&nbsp;<\/strong><\/p>\n","protected":false},"excerpt":{"rendered":"<p>Tras tres a\u00f1os, el equipo de Simone Inzaghi conquist\u00f3 el torneo dom\u00e9stico italiano. El Inter, con el argentino&nbsp;Lautaro Mart\u00ednez&nbsp;de titular&nbsp;todo el partido,&nbsp;le gan\u00f3 2-1 al Mil\u00e1n&nbsp;en el marco del&nbsp;\u2018Derby della&hellip; <\/p>\n","protected":false},"author":4,"featured_media":142160,"comment_status":"closed","ping_status":"open","sticky":false,"template":"","format":"standard","meta":{"footnotes":""},"categories":[4],"tags":[],"class_list":["post-142159","post","type-post","status-publish","format-standard","has-post-thumbnail","hentry","category-deportes"],"_links":{"self":[{"href":"https:\/\/corrientesdetarde.com\/index.php\/wp-json\/wp\/v2\/posts\/142159","targetHints":{"allow":["GET"]}}],"collection":[{"href":"https:\/\/corrientesdetarde.com\/index.php\/wp-json\/wp\/v2\/posts"}],"about":[{"href":"https:\/\/corrientesdetarde.com\/index.php\/wp-json\/wp\/v2\/types\/post"}],"author":[{"embeddable":true,"href":"https:\/\/corrientesdetarde.com\/index.php\/wp-json\/wp\/v2\/users\/4"}],"replies":[{"embeddable":true,"href":"https:\/\/corrientesdetarde.com\/index.php\/wp-json\/wp\/v2\/comments?post=142159"}],"version-history":[{"count":1,"href":"https:\/\/corrientesdetarde.com\/index.php\/wp-json\/wp\/v2\/posts\/142159\/revisions"}],"predecessor-version":[{"id":142161,"href":"https:\/\/corrientesdetarde.com\/index.php\/wp-json\/wp\/v2\/posts\/142159\/revisions\/142161"}],"wp:featuredmedia":[{"embeddable":true,"href":"https:\/\/corrientesdetarde.com\/index.php\/wp-json\/wp\/v2\/media\/142160"}],"wp:attachment":[{"href":"https:\/\/corrientesdetarde.com\/index.php\/wp-json\/wp\/v2\/media?parent=142159"}],"wp:term":[{"taxonomy":"category","embeddable":true,"href":"https:\/\/corrientesdetarde.com\/index.php\/wp-json\/wp\/v2\/categories?post=142159"},{"taxonomy":"post_tag","embeddable":true,"href":"https:\/\/corrientesdetarde.com\/index.php\/wp-json\/wp\/v2\/tags?post=142159"}],"curies":[{"name":"wp","href":"https:\/\/api.w.org\/{rel}","templated":true}]}}