{"id":142162,"date":"2024-04-22T23:46:38","date_gmt":"2024-04-23T02:46:38","guid":{"rendered":"https:\/\/corrientesdetarde.com\/?p=142162"},"modified":"2024-04-22T23:46:41","modified_gmt":"2024-04-23T02:46:41","slug":"con-cupo-completos-comenzaron-los-talleres-para-artistas-y-hacedores-de-la-cultura","status":"publish","type":"post","link":"https:\/\/corrientesdetarde.com\/index.php\/cultura\/con-cupo-completos-comenzaron-los-talleres-para-artistas-y-hacedores-de-la-cultura\/","title":{"rendered":"Con cupo completos, comenzaron los talleres para artistas y hacedores de la cultura"},"content":{"rendered":"\n<p><em>La Municipalidad de Corrientes puso en marcha la edici\u00f3n 2024 de los talleres gratuitos del programa Crear +, que busca profesionalizar a quienes se desarrollan en el sector de la cultura. En esta ocasi\u00f3n, se capacita en marca personal, dise\u00f1o y realizaci\u00f3n escenogr\u00e1fica, pl\u00e1stica esc\u00e9nica, y restauraci\u00f3n de instrumentos de madera y cuerdas. Por la alta demanda, se eval\u00faa ofrecer nuevos cursos.\u00a0<\/em><\/p>\n\n\n\n<figure class=\"wp-block-embed is-type-video is-provider-youtube wp-block-embed-youtube wp-embed-aspect-16-9 wp-has-aspect-ratio\"><div class=\"wp-block-embed__wrapper\">\n<iframe loading=\"lazy\" title=\"Con cupo completos, comenzaron los talleres para artistas y hacedores de la cultura\" width=\"1110\" height=\"624\" src=\"https:\/\/www.youtube.com\/embed\/8q2kzrE0pSo?feature=oembed\" frameborder=\"0\" allow=\"accelerometer; autoplay; clipboard-write; encrypted-media; gyroscope; picture-in-picture; web-share\" referrerpolicy=\"strict-origin-when-cross-origin\" allowfullscreen><\/iframe>\n<\/div><\/figure>\n\n\n\n<p>La Municipalidad de Corrientes, a trav\u00e9s de la Secretar\u00eda de Cultura y Educaci\u00f3n, activ\u00f3 la nueva edici\u00f3n de los cursos gratuitos de capacitaci\u00f3n dirigidos a artistas y trabajadores de la cultura en general, en el marco del programa Crear + 2024. Con cupos completos, los talleres se desarrollan en diferentes espacios municipales, como centros culturales y la Oficina de Empleo.<br><br>En esta oportunidad, los oficios art\u00edsticos que se desarrollan son marca personal, dise\u00f1o y realizaci\u00f3n escenogr\u00e1fica, pl\u00e1stica esc\u00e9nica, y restauraci\u00f3n de instrumentos de madera y cuerdas.\u00a0<br><br>El subsecretario de Desarrollo y Gesti\u00f3n Cultural del municipio, Federico Maceri, destac\u00f3 que \u201ceste es el tercer a\u00f1o consecutivo que se llevan adelante estos talleres de formaci\u00f3n y capacitaci\u00f3n para estos artistas correntinos, sum\u00e1ndose m\u00e1s alumnos para incorporar nuevas metodolog\u00edas y conocimientos para ser m\u00e1s competitivos y productivos e insertarse en el circuito cultural de la ciudad\u201d.<\/p>\n\n\n\n<figure class=\"wp-block-image size-large\"><img loading=\"lazy\" decoding=\"async\" width=\"1024\" height=\"682\" src=\"https:\/\/corrientesdetarde.com\/wp-content\/uploads\/2024\/04\/image-579-1024x682.png\" alt=\"\" class=\"wp-image-142164\" srcset=\"https:\/\/corrientesdetarde.com\/wp-content\/uploads\/2024\/04\/image-579-1024x682.png 1024w, https:\/\/corrientesdetarde.com\/wp-content\/uploads\/2024\/04\/image-579-300x200.png 300w, https:\/\/corrientesdetarde.com\/wp-content\/uploads\/2024\/04\/image-579-768x512.png 768w, https:\/\/corrientesdetarde.com\/wp-content\/uploads\/2024\/04\/image-579.png 1258w\" sizes=\"auto, (max-width: 1024px) 100vw, 1024px\" \/><\/figure>\n\n\n\n<p><br><br>El funcionario se mostr\u00f3 satisfecho por la alta convocatoria de interesados en los diferentes talleres, con cupos completos. \u201cEstamos analizando la posibilidad de abrir nuevos cursos, con m\u00e1s inscripciones dada la demanda actual\u201d, anticip\u00f3. Adem\u00e1s, remarc\u00f3 que todos ellos \u201cson p\u00fablicos y gratuitos; la mayor\u00eda de los materiales son prove\u00eddos por la Municipalidad de Corrientes\u201d.<br><br>Maceri coment\u00f3 que quienes est\u00e9n interesados en sumarse a las nuevas propuestas \u201csigan las redes sociales de la Municipalidad, los portales oficiales donde vamos a estar brindando m\u00e1s informaci\u00f3n\u201d. Y record\u00f3 que \u201ccontamos con otros cursos generales y especiales tambi\u00e9n dirigidos al sector bajo la modalidad workshop, talleres, entre otras alternativas\u201d.<\/p>\n\n\n\n<figure class=\"wp-block-image size-full\"><img loading=\"lazy\" decoding=\"async\" width=\"787\" height=\"467\" src=\"https:\/\/corrientesdetarde.com\/wp-content\/uploads\/2024\/04\/image-580.png\" alt=\"\" class=\"wp-image-142165\" srcset=\"https:\/\/corrientesdetarde.com\/wp-content\/uploads\/2024\/04\/image-580.png 787w, https:\/\/corrientesdetarde.com\/wp-content\/uploads\/2024\/04\/image-580-300x178.png 300w, https:\/\/corrientesdetarde.com\/wp-content\/uploads\/2024\/04\/image-580-768x456.png 768w\" sizes=\"auto, (max-width: 787px) 100vw, 787px\" \/><\/figure>\n","protected":false},"excerpt":{"rendered":"<p>La Municipalidad de Corrientes puso en marcha la edici\u00f3n 2024 de los talleres gratuitos del programa Crear +, que busca profesionalizar a quienes se desarrollan en el sector de la&hellip; <\/p>\n","protected":false},"author":4,"featured_media":142163,"comment_status":"closed","ping_status":"open","sticky":false,"template":"","format":"standard","meta":{"footnotes":""},"categories":[15],"tags":[],"class_list":["post-142162","post","type-post","status-publish","format-standard","has-post-thumbnail","hentry","category-cultura"],"_links":{"self":[{"href":"https:\/\/corrientesdetarde.com\/index.php\/wp-json\/wp\/v2\/posts\/142162","targetHints":{"allow":["GET"]}}],"collection":[{"href":"https:\/\/corrientesdetarde.com\/index.php\/wp-json\/wp\/v2\/posts"}],"about":[{"href":"https:\/\/corrientesdetarde.com\/index.php\/wp-json\/wp\/v2\/types\/post"}],"author":[{"embeddable":true,"href":"https:\/\/corrientesdetarde.com\/index.php\/wp-json\/wp\/v2\/users\/4"}],"replies":[{"embeddable":true,"href":"https:\/\/corrientesdetarde.com\/index.php\/wp-json\/wp\/v2\/comments?post=142162"}],"version-history":[{"count":1,"href":"https:\/\/corrientesdetarde.com\/index.php\/wp-json\/wp\/v2\/posts\/142162\/revisions"}],"predecessor-version":[{"id":142166,"href":"https:\/\/corrientesdetarde.com\/index.php\/wp-json\/wp\/v2\/posts\/142162\/revisions\/142166"}],"wp:featuredmedia":[{"embeddable":true,"href":"https:\/\/corrientesdetarde.com\/index.php\/wp-json\/wp\/v2\/media\/142163"}],"wp:attachment":[{"href":"https:\/\/corrientesdetarde.com\/index.php\/wp-json\/wp\/v2\/media?parent=142162"}],"wp:term":[{"taxonomy":"category","embeddable":true,"href":"https:\/\/corrientesdetarde.com\/index.php\/wp-json\/wp\/v2\/categories?post=142162"},{"taxonomy":"post_tag","embeddable":true,"href":"https:\/\/corrientesdetarde.com\/index.php\/wp-json\/wp\/v2\/tags?post=142162"}],"curies":[{"name":"wp","href":"https:\/\/api.w.org\/{rel}","templated":true}]}}