{"id":142179,"date":"2024-04-23T00:04:26","date_gmt":"2024-04-23T03:04:26","guid":{"rendered":"https:\/\/corrientesdetarde.com\/?p=142179"},"modified":"2024-04-23T00:04:37","modified_gmt":"2024-04-23T03:04:37","slug":"river-ya-tiene-la-mira-puesta-en-libertad-para-revertir-la-derrota-en-el-superclasico","status":"publish","type":"post","link":"https:\/\/corrientesdetarde.com\/index.php\/deportes\/river-ya-tiene-la-mira-puesta-en-libertad-para-revertir-la-derrota-en-el-superclasico\/","title":{"rendered":"River ya tiene la mira puesta en Libertad para revertir la derrota en el Supercl\u00e1sico"},"content":{"rendered":"\n<p>El entrenador Mart\u00edn Demichelis pondr\u00e1 todas las fichas a la Copa Libertadores.<\/p>\n\n\n\n<p><strong>River\u00a0<\/strong>retomar\u00e1 los entrenamientos con la vista puesta en dejar atr\u00e1s<strong>\u00a0el doloroso rev\u00e9s en el Supercl\u00e1sico\u00a0y concentrarse en su pr\u00f3ximo desaf\u00edo: enfrentarse a Libertad en Paraguay por la Copa Libertadores.<\/strong><\/p>\n\n\n\n<p>Tras la dura derrota ante Boca que lo dej\u00f3 sin oportunidad de seguir en la Copa de la Liga,&nbsp;<strong>el equipo dirigido por Mart\u00edn Demichelis se reagrup\u00f3 despu\u00e9s de su regreso de C\u00f3rdoba con la urgencia de cambiar el rumbo en la Libertadores<\/strong>.<\/p>\n\n\n\n<p>Este lunes, el plantel millonario regres\u00f3 a los campos de entrenamiento en el predio de Ezeiza. A pesar del contundente resultado del cl\u00e1sico,&nbsp;<strong>la buena noticia para el cuerpo t\u00e9cnico es que ning\u00fan jugador se lesion\u00f3<\/strong>, por lo que cont\u00f3 con todas sus piezas disponibles para el crucial enfrentamiento en Paraguay.<\/p>\n\n\n\n<p>Incluso, los jugadores que llegaron al Supercl\u00e1sico con dudas f\u00edsicas, como&nbsp;<strong>Miguel Borja y Paulo D\u00edaz<\/strong>, demostraron estar en condiciones \u00f3ptimas al contribuir con goles durante el encuentro.<\/p>\n\n\n\n<p>El objetivo primordial ser\u00e1 dejar atr\u00e1s r\u00e1pidamente la derrota ante Boca, asumiendo las responsabilidades propias y enfoc\u00e1ndose en el futuro inmediato.<\/p>\n\n\n\n<p>River tuvo un buen comienzo en la Copa Libertadores, con dos victorias consecutivas que los sit\u00faan en lo m\u00e1s alto del grupo.&nbsp;<strong>Ahora buscar\u00e1n mantener esa racha positiva cuando visiten el estadio La Huerta de Libertad el pr\u00f3ximo mi\u00e9rcoles a las 21:30<\/strong>, en un duelo crucial contra un rival que ocupa la segunda posici\u00f3n en la tabla con tres puntos.<\/p>\n\n\n\n<p>En cuanto a la estrategia para enfrentar a Libertad, Demichelis a\u00fan no revel\u00f3 sus planes. Sin embargo, no se descarta la posibilidad de cambios en el equipo, especialmente en la defensa, \u00e1rea donde se vieron los rendimientos m\u00e1s cuestionados durante el Supercl\u00e1sico.<\/p>\n\n\n\n<p>Con la determinaci\u00f3n de reaccionar despu\u00e9s de la decepci\u00f3n sufrida en C\u00f3rdoba, River buscar\u00e1 recuperar su mejor versi\u00f3n y retomar el camino del \u00e9xito en la Copa Libertadores.<\/p>\n","protected":false},"excerpt":{"rendered":"<p>El entrenador Mart\u00edn Demichelis pondr\u00e1 todas las fichas a la Copa Libertadores. River\u00a0retomar\u00e1 los entrenamientos con la vista puesta en dejar atr\u00e1s\u00a0el doloroso rev\u00e9s en el Supercl\u00e1sico\u00a0y concentrarse en su&hellip; <\/p>\n","protected":false},"author":4,"featured_media":142180,"comment_status":"closed","ping_status":"open","sticky":false,"template":"","format":"standard","meta":{"footnotes":""},"categories":[4],"tags":[],"class_list":["post-142179","post","type-post","status-publish","format-standard","has-post-thumbnail","hentry","category-deportes"],"_links":{"self":[{"href":"https:\/\/corrientesdetarde.com\/index.php\/wp-json\/wp\/v2\/posts\/142179","targetHints":{"allow":["GET"]}}],"collection":[{"href":"https:\/\/corrientesdetarde.com\/index.php\/wp-json\/wp\/v2\/posts"}],"about":[{"href":"https:\/\/corrientesdetarde.com\/index.php\/wp-json\/wp\/v2\/types\/post"}],"author":[{"embeddable":true,"href":"https:\/\/corrientesdetarde.com\/index.php\/wp-json\/wp\/v2\/users\/4"}],"replies":[{"embeddable":true,"href":"https:\/\/corrientesdetarde.com\/index.php\/wp-json\/wp\/v2\/comments?post=142179"}],"version-history":[{"count":1,"href":"https:\/\/corrientesdetarde.com\/index.php\/wp-json\/wp\/v2\/posts\/142179\/revisions"}],"predecessor-version":[{"id":142181,"href":"https:\/\/corrientesdetarde.com\/index.php\/wp-json\/wp\/v2\/posts\/142179\/revisions\/142181"}],"wp:featuredmedia":[{"embeddable":true,"href":"https:\/\/corrientesdetarde.com\/index.php\/wp-json\/wp\/v2\/media\/142180"}],"wp:attachment":[{"href":"https:\/\/corrientesdetarde.com\/index.php\/wp-json\/wp\/v2\/media?parent=142179"}],"wp:term":[{"taxonomy":"category","embeddable":true,"href":"https:\/\/corrientesdetarde.com\/index.php\/wp-json\/wp\/v2\/categories?post=142179"},{"taxonomy":"post_tag","embeddable":true,"href":"https:\/\/corrientesdetarde.com\/index.php\/wp-json\/wp\/v2\/tags?post=142179"}],"curies":[{"name":"wp","href":"https:\/\/api.w.org\/{rel}","templated":true}]}}