{"id":142182,"date":"2024-04-23T00:07:56","date_gmt":"2024-04-23T03:07:56","guid":{"rendered":"https:\/\/corrientesdetarde.com\/?p=142182"},"modified":"2024-04-23T00:08:08","modified_gmt":"2024-04-23T03:08:08","slug":"novak-djokovic-le-gano-a-messi-el-premio-laureus-2024-al-mejor-deportista-del-ano","status":"publish","type":"post","link":"https:\/\/corrientesdetarde.com\/index.php\/deportes\/novak-djokovic-le-gano-a-messi-el-premio-laureus-2024-al-mejor-deportista-del-ano\/","title":{"rendered":"Novak Djokovic le gan\u00f3 a Messi el Premio Laureus 2024 al mejor deportista del a\u00f1o"},"content":{"rendered":"\n<p>El tenista super\u00f3 al astro argentino en el galardon.<\/p>\n\n\n\n<p>El tenista serbio<strong>\u00a0Novak Djokovic\u00a0gan\u00f3 el Premio Laureus 2024 al mejor deportista del a\u00f1o<\/strong>\u00a0imponi\u00e9ndose\u00a0<strong>por encima del argentino Lionel Messi.\u00a0<\/strong><\/p>\n\n\n\n<p>En la Galeria Principal del Palacio Cibeles, se desarroll\u00f3 la&nbsp;<strong>vigesimoquinta ceremonia de los&nbsp;Premios Laureus 2024<\/strong>&nbsp;en la que&nbsp;<strong>el capit\u00e1n de la Selecci\u00f3n argentina, Lionel Messi, estaba nominado para el galard\u00f3n&nbsp;<\/strong>al mejor deportista del a\u00f1o.&nbsp;<\/p>\n\n\n\n<p>Finalmente,&nbsp;<strong>este premio lo termin\u00f3 conquistando Djokovic<\/strong>, que el \u00faltimo a\u00f1o<strong>&nbsp;consigui\u00f3 los t\u00edtulos del Abierto de Australia, el Abierto de Francia y el Abierto de Estados Unidos.&nbsp;<\/strong><\/p>\n\n\n\n<p>Por su parte,&nbsp;<strong>Aitana Bonmat\u00ed&nbsp;gan\u00f3 el premio a mejor deportista mujer del a\u00f1o<\/strong>&nbsp;y, siguiendo esa l\u00ednea,&nbsp;<strong>la&nbsp;selecci\u00f3n femenina de Espa\u00f1a&nbsp;tambi\u00e9n consigui\u00f3 el galard\u00f3n al mejor equipo<\/strong>. Adem\u00e1s,<strong>&nbsp;<\/strong>el tenista espa\u00f1ol<strong>&nbsp;<\/strong>Carlos Alcaraz le entreg\u00f3 el premio al ingl\u00e9s<strong>&nbsp;Jude Bellingham como deportista revelaci\u00f3n.&nbsp;<\/strong><\/p>\n\n\n\n<p><strong>Qui\u00e9n estuvo en la gala fue el argentino del Atl\u00e9tico de Madrid de Espa\u00f1a Rodrigo de Paul<\/strong>, que visti\u00f3 un traje negro con mo\u00f1o y zapatos sin medias, acaparando los flashes en la ceremonia.<\/p>\n\n\n\n<figure class=\"wp-block-image size-full\"><img loading=\"lazy\" decoding=\"async\" width=\"784\" height=\"473\" src=\"https:\/\/corrientesdetarde.com\/wp-content\/uploads\/2024\/04\/image-587.png\" alt=\"\" class=\"wp-image-142183\" srcset=\"https:\/\/corrientesdetarde.com\/wp-content\/uploads\/2024\/04\/image-587.png 784w, https:\/\/corrientesdetarde.com\/wp-content\/uploads\/2024\/04\/image-587-300x181.png 300w, https:\/\/corrientesdetarde.com\/wp-content\/uploads\/2024\/04\/image-587-768x463.png 768w\" sizes=\"auto, (max-width: 784px) 100vw, 784px\" \/><\/figure>\n","protected":false},"excerpt":{"rendered":"<p>El tenista super\u00f3 al astro argentino en el galardon. El tenista serbio\u00a0Novak Djokovic\u00a0gan\u00f3 el Premio Laureus 2024 al mejor deportista del a\u00f1o\u00a0imponi\u00e9ndose\u00a0por encima del argentino Lionel Messi.\u00a0 En la Galeria&hellip; <\/p>\n","protected":false},"author":4,"featured_media":142184,"comment_status":"closed","ping_status":"open","sticky":false,"template":"","format":"standard","meta":{"footnotes":""},"categories":[4],"tags":[],"class_list":["post-142182","post","type-post","status-publish","format-standard","has-post-thumbnail","hentry","category-deportes"],"_links":{"self":[{"href":"https:\/\/corrientesdetarde.com\/index.php\/wp-json\/wp\/v2\/posts\/142182","targetHints":{"allow":["GET"]}}],"collection":[{"href":"https:\/\/corrientesdetarde.com\/index.php\/wp-json\/wp\/v2\/posts"}],"about":[{"href":"https:\/\/corrientesdetarde.com\/index.php\/wp-json\/wp\/v2\/types\/post"}],"author":[{"embeddable":true,"href":"https:\/\/corrientesdetarde.com\/index.php\/wp-json\/wp\/v2\/users\/4"}],"replies":[{"embeddable":true,"href":"https:\/\/corrientesdetarde.com\/index.php\/wp-json\/wp\/v2\/comments?post=142182"}],"version-history":[{"count":1,"href":"https:\/\/corrientesdetarde.com\/index.php\/wp-json\/wp\/v2\/posts\/142182\/revisions"}],"predecessor-version":[{"id":142185,"href":"https:\/\/corrientesdetarde.com\/index.php\/wp-json\/wp\/v2\/posts\/142182\/revisions\/142185"}],"wp:featuredmedia":[{"embeddable":true,"href":"https:\/\/corrientesdetarde.com\/index.php\/wp-json\/wp\/v2\/media\/142184"}],"wp:attachment":[{"href":"https:\/\/corrientesdetarde.com\/index.php\/wp-json\/wp\/v2\/media?parent=142182"}],"wp:term":[{"taxonomy":"category","embeddable":true,"href":"https:\/\/corrientesdetarde.com\/index.php\/wp-json\/wp\/v2\/categories?post=142182"},{"taxonomy":"post_tag","embeddable":true,"href":"https:\/\/corrientesdetarde.com\/index.php\/wp-json\/wp\/v2\/tags?post=142182"}],"curies":[{"name":"wp","href":"https:\/\/api.w.org\/{rel}","templated":true}]}}