{"id":142264,"date":"2024-04-23T10:07:42","date_gmt":"2024-04-23T13:07:42","guid":{"rendered":"https:\/\/corrientesdetarde.com\/?p=142264"},"modified":"2024-04-23T10:07:54","modified_gmt":"2024-04-23T13:07:54","slug":"rosello-las-obras-comenzaron-a-ser-de-corto-plazo-y-el-obrero-se-queda-sin-trabajo","status":"publish","type":"post","link":"https:\/\/corrientesdetarde.com\/index.php\/informacion-general\/rosello-las-obras-comenzaron-a-ser-de-corto-plazo-y-el-obrero-se-queda-sin-trabajo\/","title":{"rendered":"ROSELLO: &#8220;LAS OBRAS COMENZARON A SER DE CORTO PLAZO Y EL OBRERO SE QUEDA SIN TRABAJO&#8221;"},"content":{"rendered":"\n<p>Gustavo Rosello es&nbsp;presidente de la delegaci\u00f3n Corrientes de la C\u00e1mara Argentina de la Construcci\u00f3n.&#8221;Ayer escuche detenidamente al presidente y sigue teniendo en cuenta que a la Obra publica hay que pararla y lo considera un \u00e9xito de su gesti\u00f3n.Lo venia diciendo en campa\u00f1a y cumpli\u00f3.Para nosotros es sumamente doloroso porque en nuestra zona las empresas que estan trabajando son Pymes que se sostienen por la obra p\u00fablica provincial,algunas obras privadas y por \u00faltimo la nacional&#8221;,resalt\u00f3.<\/p>\n\n\n\n<p>&#8220;Para este tipo de obras se han formado y especializado profesionales pero hoy esas obras est\u00e1n paradas,en la mitad del camino y las empresas entran a trabajar con personal reducido y en algunos casos en menor horario.La parte obrera lamentablemente es la que queda sin trabajo.Las obras nacionales o de fondos nacionales o fondeo internacional por falta de firma o de decisi\u00f3n estrat\u00e9gica de continuarlas o no ,est\u00e1n sin personal&#8221;,explic\u00f3.<\/p>\n\n\n\n<p>Corrientes,por medio del Gobierno de Corrientes,se sostienen obras de menor y media envergadura.<\/p>\n\n\n\n<p>&#8220;En materia de recursos humanos Corrientes est\u00e1 con \u00edndices bajos ,estamos perdiendo ese recurso porque se ven empujados a reconvertirse a otras actividades aunque esten capacitados y con conocimientos suficientes para dedicarse a la construcci\u00f3n&#8221;,cit\u00f3 como ejemplo.<\/p>\n\n\n\n<blockquote class=\"wp-block-quote is-layout-flow wp-block-quote-is-layout-flow\">\n<p><strong>&#8220;Muchos contratos perdieron valor y vigencia&#8221; (Rosello)<\/strong><\/p>\n<\/blockquote>\n","protected":false},"excerpt":{"rendered":"<p>Gustavo Rosello es&nbsp;presidente de la delegaci\u00f3n Corrientes de la C\u00e1mara Argentina de la Construcci\u00f3n.&#8221;Ayer escuche detenidamente al presidente y sigue teniendo en cuenta que a la Obra publica hay que&hellip; <\/p>\n","protected":false},"author":12,"featured_media":142268,"comment_status":"closed","ping_status":"open","sticky":false,"template":"","format":"standard","meta":{"footnotes":""},"categories":[1],"tags":[],"class_list":["post-142264","post","type-post","status-publish","format-standard","has-post-thumbnail","hentry","category-informacion-general"],"_links":{"self":[{"href":"https:\/\/corrientesdetarde.com\/index.php\/wp-json\/wp\/v2\/posts\/142264","targetHints":{"allow":["GET"]}}],"collection":[{"href":"https:\/\/corrientesdetarde.com\/index.php\/wp-json\/wp\/v2\/posts"}],"about":[{"href":"https:\/\/corrientesdetarde.com\/index.php\/wp-json\/wp\/v2\/types\/post"}],"author":[{"embeddable":true,"href":"https:\/\/corrientesdetarde.com\/index.php\/wp-json\/wp\/v2\/users\/12"}],"replies":[{"embeddable":true,"href":"https:\/\/corrientesdetarde.com\/index.php\/wp-json\/wp\/v2\/comments?post=142264"}],"version-history":[{"count":1,"href":"https:\/\/corrientesdetarde.com\/index.php\/wp-json\/wp\/v2\/posts\/142264\/revisions"}],"predecessor-version":[{"id":142269,"href":"https:\/\/corrientesdetarde.com\/index.php\/wp-json\/wp\/v2\/posts\/142264\/revisions\/142269"}],"wp:featuredmedia":[{"embeddable":true,"href":"https:\/\/corrientesdetarde.com\/index.php\/wp-json\/wp\/v2\/media\/142268"}],"wp:attachment":[{"href":"https:\/\/corrientesdetarde.com\/index.php\/wp-json\/wp\/v2\/media?parent=142264"}],"wp:term":[{"taxonomy":"category","embeddable":true,"href":"https:\/\/corrientesdetarde.com\/index.php\/wp-json\/wp\/v2\/categories?post=142264"},{"taxonomy":"post_tag","embeddable":true,"href":"https:\/\/corrientesdetarde.com\/index.php\/wp-json\/wp\/v2\/tags?post=142264"}],"curies":[{"name":"wp","href":"https:\/\/api.w.org\/{rel}","templated":true}]}}