{"id":142265,"date":"2024-04-23T10:06:08","date_gmt":"2024-04-23T13:06:08","guid":{"rendered":"https:\/\/corrientesdetarde.com\/?p=142265"},"modified":"2024-04-23T10:06:20","modified_gmt":"2024-04-23T13:06:20","slug":"el-gobierno-convocara-al-consejo-de-salario-minimo-para-el-30-abril","status":"publish","type":"post","link":"https:\/\/corrientesdetarde.com\/index.php\/nacionales\/el-gobierno-convocara-al-consejo-de-salario-minimo-para-el-30-abril\/","title":{"rendered":"El Gobierno convocar\u00e1 al Consejo de Salario M\u00ednimo para el 30 abril"},"content":{"rendered":"\n<p>El Gobierno convocar\u00e1 al Consejo del Salario M\u00ednimo Vital y M\u00f3vil para el pr\u00f3ximo 30 de abril, confirmaron fuentes oficiales a \u00c1mbito. La comunicaci\u00f3n se oficializar\u00e1 en las pr\u00f3ximas horas con su publicaci\u00f3n en el Bolet\u00edn Oficial.<\/p>\n\n\n\n<p>En la v\u00edspera del d\u00eda internacional de los trabajadores, el Poder Ejecutivo y los integrantes del organismo encargado de establecer el piso m\u00ednimo de salarios en todo el pa\u00eds se reunir\u00e1n para definir el aumento de mayo y los meses siguientes.<\/p>\n\n\n\n<p>En febrero, el Gobierno actualiz\u00f3 por decreto el Salario M\u00ednimo, Vital y M\u00f3vil (SMVM) y fij\u00f3 su valor en $180 mil para febrero y $ 202.800 para el mes de marzo. No obstante, ya comenzado abril no hay convocatoria oficial para el nuevo mes.<\/p>\n\n\n\n<p>Vale recordar que funcionarios de La Libertad Avanza (LLA) y representantes gremiales, sociales y empresariales se reunieron el 15 de febrero con el objetivo de debatir el nuevo valor del Salario M\u00ednimo, que en enero se ubicaba en $156 mil.<\/p>\n\n\n\n<p><strong>Argentina tiene el salario m\u00ednimo en d\u00f3lares m\u00e1s bajo de la regi\u00f3n<\/strong><\/p>\n\n\n\n<p>Un informe elaborado por la consultora Focus Market indica que Argentina es el pa\u00eds con el salario m\u00ednimo en d\u00f3lares m\u00e1s bajo de Latinoam\u00e9rica, con una cifra que alcanza los u$s196, y se encuentra en el piso m\u00e1s bajo de los \u00faltimos 20 a\u00f1os.<\/p>\n\n\n\n<p>Seg\u00fan indic\u00f3 la consultora, &#8220;la devaluaci\u00f3n del peso frente al d\u00f3lar del 54% en el tipo de cambio oficial mayorista, el rezago de emisi\u00f3n monetaria, la alta incertidumbre, la salida de precios controlados y la correcci\u00f3n de tarifas de servicios p\u00fablicos, m\u00e1s el ajuste a nuevos valores de los servicios privados, est\u00e1n llevando a una p\u00e9rdida a\u00fan mayor del ingreso de los argentinos en la primera etapa de este Gobierno&#8221;.<\/p>\n","protected":false},"excerpt":{"rendered":"<p>El Gobierno convocar\u00e1 al Consejo del Salario M\u00ednimo Vital y M\u00f3vil para el pr\u00f3ximo 30 de abril, confirmaron fuentes oficiales a \u00c1mbito. La comunicaci\u00f3n se oficializar\u00e1 en las pr\u00f3ximas horas&hellip; <\/p>\n","protected":false},"author":12,"featured_media":142266,"comment_status":"closed","ping_status":"open","sticky":false,"template":"","format":"standard","meta":{"footnotes":""},"categories":[10],"tags":[],"class_list":["post-142265","post","type-post","status-publish","format-standard","has-post-thumbnail","hentry","category-nacionales"],"_links":{"self":[{"href":"https:\/\/corrientesdetarde.com\/index.php\/wp-json\/wp\/v2\/posts\/142265","targetHints":{"allow":["GET"]}}],"collection":[{"href":"https:\/\/corrientesdetarde.com\/index.php\/wp-json\/wp\/v2\/posts"}],"about":[{"href":"https:\/\/corrientesdetarde.com\/index.php\/wp-json\/wp\/v2\/types\/post"}],"author":[{"embeddable":true,"href":"https:\/\/corrientesdetarde.com\/index.php\/wp-json\/wp\/v2\/users\/12"}],"replies":[{"embeddable":true,"href":"https:\/\/corrientesdetarde.com\/index.php\/wp-json\/wp\/v2\/comments?post=142265"}],"version-history":[{"count":1,"href":"https:\/\/corrientesdetarde.com\/index.php\/wp-json\/wp\/v2\/posts\/142265\/revisions"}],"predecessor-version":[{"id":142267,"href":"https:\/\/corrientesdetarde.com\/index.php\/wp-json\/wp\/v2\/posts\/142265\/revisions\/142267"}],"wp:featuredmedia":[{"embeddable":true,"href":"https:\/\/corrientesdetarde.com\/index.php\/wp-json\/wp\/v2\/media\/142266"}],"wp:attachment":[{"href":"https:\/\/corrientesdetarde.com\/index.php\/wp-json\/wp\/v2\/media?parent=142265"}],"wp:term":[{"taxonomy":"category","embeddable":true,"href":"https:\/\/corrientesdetarde.com\/index.php\/wp-json\/wp\/v2\/categories?post=142265"},{"taxonomy":"post_tag","embeddable":true,"href":"https:\/\/corrientesdetarde.com\/index.php\/wp-json\/wp\/v2\/tags?post=142265"}],"curies":[{"name":"wp","href":"https:\/\/api.w.org\/{rel}","templated":true}]}}