{"id":142303,"date":"2024-04-23T11:26:38","date_gmt":"2024-04-23T14:26:38","guid":{"rendered":"https:\/\/corrientesdetarde.com\/?p=142303"},"modified":"2024-04-23T11:26:50","modified_gmt":"2024-04-23T14:26:50","slug":"morel-rial-mostro-su-panza-y-lo-avanzado-que-esta-su-embarazo","status":"publish","type":"post","link":"https:\/\/corrientesdetarde.com\/index.php\/espectaculos\/morel-rial-mostro-su-panza-y-lo-avanzado-que-esta-su-embarazo\/","title":{"rendered":"Morel Rial mostr\u00f3 su panza y lo avanzado que est\u00e1 su embarazo"},"content":{"rendered":"\n<p>Con 25 a\u00f1os,&nbsp;<strong>More Rial&nbsp;<\/strong>revel\u00f3 hace poco que cursa el segundo embarazo. La hija de<strong>&nbsp;Jorge Rial&nbsp;<\/strong>esta de tres meses y espera a su segundo hijo junto a su nuevo novio&nbsp;<strong>Mat\u00edas,<\/strong>&nbsp;un boxeador cordob\u00e9s del que se sabe poco.<\/p>\n\n\n\n<p>More se reencontr\u00f3 con&nbsp;<strong>s<\/strong>u primer hijo&nbsp;<strong>Francesco,&nbsp;<\/strong>que ya tiene 5 a\u00f1os y vive en C\u00f3rdoba con su padre&nbsp;<strong>Facundo Ambrosioni.&nbsp;<\/strong>De ese momento, grab\u00f3 un video del ni\u00f1o le d\u00e1ndonle besos a la panza.<\/p>\n\n\n\n<p>La noticia de este embarazo la dio<strong>&nbsp;Luis Ventura&nbsp;<\/strong>en A la tarde, Am\u00e9rica, y gener\u00f3 el enojo de&nbsp;<strong>Morena.<\/strong>&nbsp;Ella explic\u00f3 en una nota que no quer\u00eda que se supiera hasta llegar al tercer mes de gestaci\u00f3n.<\/p>\n\n\n\n<p>Ya m\u00e1s tranquila y segura de que todo marcha bien con su salud, Morena viaj\u00f3 a C\u00f3rdoba para reencontrarse con su hijo.<\/p>\n\n\n\n<p>Durante este encuentro con el ni\u00f1o de cinco a\u00f1os, la rubia grab\u00f3 un tierno video que public\u00f3 en sus redes.<\/p>\n\n\n\n<figure class=\"wp-block-video\"><video height=\"480\" style=\"aspect-ratio: 270 \/ 480;\" width=\"270\" controls src=\"https:\/\/corrientesdetarde.com\/wp-content\/uploads\/2024\/04\/sfofZYUqo37JnLZ0.mp4\"><\/video><\/figure>\n","protected":false},"excerpt":{"rendered":"<p>Con 25 a\u00f1os,&nbsp;More Rial&nbsp;revel\u00f3 hace poco que cursa el segundo embarazo. La hija de&nbsp;Jorge Rial&nbsp;esta de tres meses y espera a su segundo hijo junto a su nuevo novio&nbsp;Mat\u00edas,&nbsp;un boxeador&hellip; <\/p>\n","protected":false},"author":12,"featured_media":142312,"comment_status":"closed","ping_status":"open","sticky":false,"template":"","format":"standard","meta":{"footnotes":""},"categories":[19],"tags":[],"class_list":["post-142303","post","type-post","status-publish","format-standard","has-post-thumbnail","hentry","category-espectaculos"],"_links":{"self":[{"href":"https:\/\/corrientesdetarde.com\/index.php\/wp-json\/wp\/v2\/posts\/142303","targetHints":{"allow":["GET"]}}],"collection":[{"href":"https:\/\/corrientesdetarde.com\/index.php\/wp-json\/wp\/v2\/posts"}],"about":[{"href":"https:\/\/corrientesdetarde.com\/index.php\/wp-json\/wp\/v2\/types\/post"}],"author":[{"embeddable":true,"href":"https:\/\/corrientesdetarde.com\/index.php\/wp-json\/wp\/v2\/users\/12"}],"replies":[{"embeddable":true,"href":"https:\/\/corrientesdetarde.com\/index.php\/wp-json\/wp\/v2\/comments?post=142303"}],"version-history":[{"count":1,"href":"https:\/\/corrientesdetarde.com\/index.php\/wp-json\/wp\/v2\/posts\/142303\/revisions"}],"predecessor-version":[{"id":142313,"href":"https:\/\/corrientesdetarde.com\/index.php\/wp-json\/wp\/v2\/posts\/142303\/revisions\/142313"}],"wp:featuredmedia":[{"embeddable":true,"href":"https:\/\/corrientesdetarde.com\/index.php\/wp-json\/wp\/v2\/media\/142312"}],"wp:attachment":[{"href":"https:\/\/corrientesdetarde.com\/index.php\/wp-json\/wp\/v2\/media?parent=142303"}],"wp:term":[{"taxonomy":"category","embeddable":true,"href":"https:\/\/corrientesdetarde.com\/index.php\/wp-json\/wp\/v2\/categories?post=142303"},{"taxonomy":"post_tag","embeddable":true,"href":"https:\/\/corrientesdetarde.com\/index.php\/wp-json\/wp\/v2\/tags?post=142303"}],"curies":[{"name":"wp","href":"https:\/\/api.w.org\/{rel}","templated":true}]}}