{"id":142304,"date":"2024-04-23T11:21:18","date_gmt":"2024-04-23T14:21:18","guid":{"rendered":"https:\/\/corrientesdetarde.com\/?p=142304"},"modified":"2024-04-23T11:21:19","modified_gmt":"2024-04-23T14:21:19","slug":"el-comunicado-de-la-cgt-a-horas-de-la-marcha-universitaria-los-7-puntos-del-mecanismo-oculto","status":"publish","type":"post","link":"https:\/\/corrientesdetarde.com\/index.php\/nacionales\/el-comunicado-de-la-cgt-a-horas-de-la-marcha-universitaria-los-7-puntos-del-mecanismo-oculto\/","title":{"rendered":"El comunicado de la CGT a horas de la Marcha Universitaria: los 7 puntos del &#8220;mecanismo oculto&#8221;"},"content":{"rendered":"\n<p>A hora de estar presente en la\u00a0marcha universitaria\u00a0y luego de la cadena nacional, donde el presidente\u00a0Javier Milei anunci\u00f3 un super\u00e1vit financiero\u00a0de m\u00e1s de 275.000 millones de pesos en el primer trimestre,\u00a0<strong>la Confederaci\u00f3n General del Trabajo (CGT) sali\u00f3 al cruce y habl\u00f3 de &#8220;lo que le falta contar al Gobierno nacional&#8221;.<\/strong><\/p>\n\n\n\n<p>&#8220;El Gobierno anuncia la vuelta del super\u00e1vit fiscal y comercial con acumulaci\u00f3n de reservas. Habla de supuestos &#8216;super\u00e1vits gemelos&#8217; cuando, analizando los datos completos,&nbsp;<strong>debi\u00e9ramos hablar de &#8216;deudas gemelas&#8217;<\/strong>, explicando el mecanismo oculto de c\u00f3mo se lograron&#8221;, sostuvo la Confederaci\u00f3n General del Trabajo.<\/p>\n\n\n\n<p><strong>En un comunicado, titulado &#8220;Lo que le falta contar al Gobierno nacional&#8221;,<\/strong>&nbsp;la CGT puso sobre la mesa 7 puntos del&nbsp;<strong>&#8220;mecanismo oculto&#8221;<\/strong>&nbsp;por el cual consideran que se lleg\u00f3 al super\u00e1vit financiero que anunci\u00f3 Milei.<\/p>\n\n\n\n<p>https:\/\/www.a24.com\/_post\/viewerpdfjs.php?file=https:\/\/media.a24.com\/adjuntos\/296\/documentos\/009\/325\/0009325658.pdf<\/p>\n\n\n\n<p>Entre las consecuencias del super\u00e1vit, la CGT indic\u00f3 que se obtuvo&nbsp;<strong>&#8220;licu\u00e1ndole los ingresos a las y los jubilados&#8221;<\/strong>, ya que &#8220;sus haberes&nbsp;<strong>cayeron un 40%<\/strong>&nbsp;en t\u00e9rminos reales en los \u00faltimos 12 meses, ubic\u00e1ndose entre los registros hist\u00f3ricamente m\u00e1s bajos, peores que los del a\u00f1o 2001&#8243;.<\/p>\n\n\n\n<p>Como segundo \u00edtem destacaron que &#8220;l<strong>a Naci\u00f3n par\u00f3 las transferencias a las provincias<\/strong>&nbsp;(un recorte del 62%, ajustado por inflaci\u00f3n) afectando servicios esenciales como educaci\u00f3n y seguridad social. Desfinanciando tambi\u00e9n los pagos a jubilados provinciales y los sueldos a docentes, entre otras funciones esenciales&#8221;.<\/p>\n\n\n\n<p>A modo de cierre, volvieron a reclamar &#8220;la&nbsp;<strong>implementaci\u00f3n de un verdadero programa econ\u00f3mico<\/strong>&nbsp;que, desde un di\u00e1logo social abierto (al que no se convoca), incorpore perspectivas de crecimiento e inversi\u00f3n productiva (que hasta el momento no se formulan) para un genuino aumento del mercado laboral con fortalecimiento del ahorro y del valor de nuestras Pymes, y que, a su vez, regule la especulaci\u00f3n financiera&#8221;.<\/p>\n\n\n\n<p>&#8220;Un modelo inclusivo de Desarrollo, Producci\u00f3n y Trabajo que comience a reparar un tejido social agobiado por la pobreza de vastos sectores de nuestra comunidad, contribuyendo al bienestar de las y los argentinos&#8221;, concluyeron en el escrito.<\/p>\n\n\n\n<h2 class=\"wp-block-heading\">La CGT apunt\u00f3 contra el Gobierno por las Universidades<\/h2>\n\n\n\n<p>Tambi\u00e9n hicieron referencia al&nbsp;<strong>&#8220;desfinanciamiento de la educaci\u00f3n p\u00fablica y deudas con las universidades<\/strong>&#8220;, indicando que &#8220;no se actualiza el presupuesto educativo y los fondos no alcanzan para el normal desarrollo de la actividad&#8221; por lo que &#8220;sin incrementos presupuestarios las universidades no podr\u00e1n funcionar a partir del segundo semestre de este a\u00f1o&#8221;.<\/p>\n\n\n\n<p>En el marco de la marcha que se realiza este martes,<strong>&nbsp;La Confederaci\u00f3n General del Trabajo (CGT) anunci\u00f3 su apoyo a la marcha universitaria en protesta contra las medidas de ajuste del Gobierno nacional.<\/strong><\/p>\n","protected":false},"excerpt":{"rendered":"<p>A hora de estar presente en la\u00a0marcha universitaria\u00a0y luego de la cadena nacional, donde el presidente\u00a0Javier Milei anunci\u00f3 un super\u00e1vit financiero\u00a0de m\u00e1s de 275.000 millones de pesos en el primer&hellip; <\/p>\n","protected":false},"author":12,"featured_media":142309,"comment_status":"closed","ping_status":"open","sticky":false,"template":"","format":"standard","meta":{"footnotes":""},"categories":[10],"tags":[],"class_list":["post-142304","post","type-post","status-publish","format-standard","has-post-thumbnail","hentry","category-nacionales"],"_links":{"self":[{"href":"https:\/\/corrientesdetarde.com\/index.php\/wp-json\/wp\/v2\/posts\/142304","targetHints":{"allow":["GET"]}}],"collection":[{"href":"https:\/\/corrientesdetarde.com\/index.php\/wp-json\/wp\/v2\/posts"}],"about":[{"href":"https:\/\/corrientesdetarde.com\/index.php\/wp-json\/wp\/v2\/types\/post"}],"author":[{"embeddable":true,"href":"https:\/\/corrientesdetarde.com\/index.php\/wp-json\/wp\/v2\/users\/12"}],"replies":[{"embeddable":true,"href":"https:\/\/corrientesdetarde.com\/index.php\/wp-json\/wp\/v2\/comments?post=142304"}],"version-history":[{"count":1,"href":"https:\/\/corrientesdetarde.com\/index.php\/wp-json\/wp\/v2\/posts\/142304\/revisions"}],"predecessor-version":[{"id":142310,"href":"https:\/\/corrientesdetarde.com\/index.php\/wp-json\/wp\/v2\/posts\/142304\/revisions\/142310"}],"wp:featuredmedia":[{"embeddable":true,"href":"https:\/\/corrientesdetarde.com\/index.php\/wp-json\/wp\/v2\/media\/142309"}],"wp:attachment":[{"href":"https:\/\/corrientesdetarde.com\/index.php\/wp-json\/wp\/v2\/media?parent=142304"}],"wp:term":[{"taxonomy":"category","embeddable":true,"href":"https:\/\/corrientesdetarde.com\/index.php\/wp-json\/wp\/v2\/categories?post=142304"},{"taxonomy":"post_tag","embeddable":true,"href":"https:\/\/corrientesdetarde.com\/index.php\/wp-json\/wp\/v2\/tags?post=142304"}],"curies":[{"name":"wp","href":"https:\/\/api.w.org\/{rel}","templated":true}]}}