{"id":142305,"date":"2024-04-23T11:20:17","date_gmt":"2024-04-23T14:20:17","guid":{"rendered":"https:\/\/corrientesdetarde.com\/?p=142305"},"modified":"2024-04-23T11:20:29","modified_gmt":"2024-04-23T14:20:29","slug":"aseguran-que-la-esposa-de-santiago-de-moro-es-familiar-de-furia","status":"publish","type":"post","link":"https:\/\/corrientesdetarde.com\/index.php\/espectaculos\/aseguran-que-la-esposa-de-santiago-de-moro-es-familiar-de-furia\/","title":{"rendered":"Aseguran que la esposa de Santiago de Moro es familiar de Furia"},"content":{"rendered":"\n<p>Mientras&nbsp;<strong>Furia<\/strong>&nbsp;atraviesa un delicado momento dentro de la casa de Gran Hermano, al enterarse que tiene leucemia de grado uno y deber\u00e1 ahora custodiar mucho su salud y cuidarse. En las redes, comenz\u00f3 a circular la versi\u00f3n que la mujer de&nbsp;<strong>Santiago del Moro&nbsp;<\/strong>es prima de la pelada.<\/p>\n\n\n\n<p>La versi\u00f3n indica que<strong>&nbsp;Mar\u00eda Jos\u00e9 S\u00e1nchez<\/strong>&nbsp;ser\u00eda prima de la joven que est\u00e1 dentro del reality desde diciembre del a\u00f1o pasado y all\u00ed muchos empezaron a comprender que quiz\u00e1s por eso est\u00e1 \u201cacomodada\u201d por la producci\u00f3n.<\/p>\n\n\n\n<p>Un influencer en las redes destaca adem\u00e1s, que<strong>&nbsp;Mar\u00eda Jos\u00e9<\/strong>&nbsp;es muy parecida a&nbsp;<strong>Coy,<\/strong>&nbsp;la hermana de&nbsp;<strong>Furia<\/strong>&nbsp;que tiene mucha trascendencia fuera de la casa.<\/p>\n\n\n\n<p><strong>Santiago del Moro&nbsp;<\/strong>ley\u00f3 anoche el apto m\u00e9dico para que furia siga jugando dentro del reality y le advirti\u00f3 que empiece a cuidar de su salud y que no fume m\u00e1s<\/p>\n\n\n\n<figure class=\"wp-block-image size-full\"><img loading=\"lazy\" decoding=\"async\" width=\"767\" height=\"431\" src=\"https:\/\/corrientesdetarde.com\/wp-content\/uploads\/2024\/04\/MHELCG4VKBDTZHTZOHOQQJ3TSA.avif\" alt=\"\" class=\"wp-image-142306\" srcset=\"https:\/\/corrientesdetarde.com\/wp-content\/uploads\/2024\/04\/MHELCG4VKBDTZHTZOHOQQJ3TSA.avif 767w, https:\/\/corrientesdetarde.com\/wp-content\/uploads\/2024\/04\/MHELCG4VKBDTZHTZOHOQQJ3TSA-300x169.avif 300w\" sizes=\"auto, (max-width: 767px) 100vw, 767px\" \/><\/figure>\n","protected":false},"excerpt":{"rendered":"<p>Mientras&nbsp;Furia&nbsp;atraviesa un delicado momento dentro de la casa de Gran Hermano, al enterarse que tiene leucemia de grado uno y deber\u00e1 ahora custodiar mucho su salud y cuidarse. En las&hellip; <\/p>\n","protected":false},"author":12,"featured_media":142307,"comment_status":"closed","ping_status":"open","sticky":false,"template":"","format":"standard","meta":{"footnotes":""},"categories":[19],"tags":[],"class_list":["post-142305","post","type-post","status-publish","format-standard","has-post-thumbnail","hentry","category-espectaculos"],"_links":{"self":[{"href":"https:\/\/corrientesdetarde.com\/index.php\/wp-json\/wp\/v2\/posts\/142305","targetHints":{"allow":["GET"]}}],"collection":[{"href":"https:\/\/corrientesdetarde.com\/index.php\/wp-json\/wp\/v2\/posts"}],"about":[{"href":"https:\/\/corrientesdetarde.com\/index.php\/wp-json\/wp\/v2\/types\/post"}],"author":[{"embeddable":true,"href":"https:\/\/corrientesdetarde.com\/index.php\/wp-json\/wp\/v2\/users\/12"}],"replies":[{"embeddable":true,"href":"https:\/\/corrientesdetarde.com\/index.php\/wp-json\/wp\/v2\/comments?post=142305"}],"version-history":[{"count":1,"href":"https:\/\/corrientesdetarde.com\/index.php\/wp-json\/wp\/v2\/posts\/142305\/revisions"}],"predecessor-version":[{"id":142308,"href":"https:\/\/corrientesdetarde.com\/index.php\/wp-json\/wp\/v2\/posts\/142305\/revisions\/142308"}],"wp:featuredmedia":[{"embeddable":true,"href":"https:\/\/corrientesdetarde.com\/index.php\/wp-json\/wp\/v2\/media\/142307"}],"wp:attachment":[{"href":"https:\/\/corrientesdetarde.com\/index.php\/wp-json\/wp\/v2\/media?parent=142305"}],"wp:term":[{"taxonomy":"category","embeddable":true,"href":"https:\/\/corrientesdetarde.com\/index.php\/wp-json\/wp\/v2\/categories?post=142305"},{"taxonomy":"post_tag","embeddable":true,"href":"https:\/\/corrientesdetarde.com\/index.php\/wp-json\/wp\/v2\/tags?post=142305"}],"curies":[{"name":"wp","href":"https:\/\/api.w.org\/{rel}","templated":true}]}}