{"id":142316,"date":"2024-04-23T12:11:29","date_gmt":"2024-04-23T15:11:29","guid":{"rendered":"https:\/\/corrientesdetarde.com\/?p=142316"},"modified":"2024-04-23T12:11:32","modified_gmt":"2024-04-23T15:11:32","slug":"la-municipalidad-promueve-la-insercion-laboralde-personas-con-discapacidad","status":"publish","type":"post","link":"https:\/\/corrientesdetarde.com\/index.php\/locales\/la-municipalidad-promueve-la-insercion-laboralde-personas-con-discapacidad\/","title":{"rendered":"La Municipalidad promueve la inserci\u00f3n laboralde personas con discapacidad"},"content":{"rendered":"\n<p><br><br><em>A trav\u00e9s de la Oficina de Empleo, se articula e implementa en la ciudad el programa nacional Promover, por el cual, m\u00e1s de 70 personas con discapacidad est\u00e1n realizando pr\u00e1cticas laborales en distintas entidades e instituciones de la ciudad. Es el caso de una decena de j\u00f3venes que se desempe\u00f1an en atenci\u00f3n al p\u00fablico en el Bibliobar que funciona en el Centro Cultural Universitario.<\/em><\/p>\n\n\n\n<p>Con el objetivo de generar nuevas oportunidades de inclusi\u00f3n y desarrollo para personas con discapacidad, la Municipalidad de Corrientes acompa\u00f1a a m\u00e1s de 70 j\u00f3venes que est\u00e1n desarrollando su experiencia laboral en distintas entidades e instituciones capitalinas.&nbsp;<br><br>Entre ellos, se encuentran diez j\u00f3venes que est\u00e1n trabajando en el Bibliobar, un local que se encuentra en las instalaciones del Centro Cultural Universitario (CCU) de la Universidad Nacional del Nordeste (UNNE). Lo hacen en el marco del programa nacional Promover, que se articula e implementa en la ciudad a trav\u00e9s de la oficina de Empleo municipal. &nbsp;<br><br>En ese marco, el secretario de Desarrollo Econ\u00f3mico, Francisco Ingaramo, visit\u00f3 el local y destac\u00f3 que los j\u00f3venes \u201cvienen trabajando hace m\u00e1s de un a\u00f1o y medio en este bar\u201d.<br><br>\u201cEste programa trabaja para la inclusi\u00f3n de los chicos con discapacidad y, en ese sentido, desde la Subsecretar\u00eda de Empleo y la Oficina de Empleo trabajamos en la vinculaci\u00f3n con las empresas para que puedan desenvolverse e integrarse para generar un v\u00ednculo laboral tambi\u00e9n\u201d, explic\u00f3 el funcionario.<br><br>Adem\u00e1s, Ingaramo sostuvo que este programa permite generar \u201cdiferentes tipos de herramientas y entrenamiento para el trabajo, como as\u00ed tambi\u00e9n vincularse con las c\u00e1maras empresariales para la generaci\u00f3n de fuentes laborales en la ciudad\u201d.<br><br>Entre tanto, el secretario de Desarrollo Econ\u00f3mico se\u00f1al\u00f3 que quienes quieran interiorizarse de los diferentes programas, se pueden acercar a la Oficina de Empleo ubicada por Pasaje Villanueva. &nbsp;<br><br>EXPERIENCIA LABORAL<br><br>Los diez j\u00f3venes que forman parte del programa Promover trabajan en diferentes d\u00edas y horarios en el Bibliobar. Lo hacen hace m\u00e1s de un a\u00f1o, llevando adelante diferentes tareas. Algunos se desempe\u00f1an como mozos, en la barra, a cargo de la preparaci\u00f3n de caf\u00e9 o en la secci\u00f3n cocina.<br><br>Manuel Ligo, quien se encarga de coordinar la barra y la caja, como as\u00ed tambi\u00e9n la preparaci\u00f3n de caf\u00e9, destac\u00f3 la oportunidad que se le brinda de poder adquirir una experiencia laboral. \u201cEsta actividad es muy grata para m\u00ed, tenemos un grupo muy bueno que intenta hacer lo mejor en este trabajo\u201d, sostuvo.<br><br>\u201cUno se siente \u00fatil ac\u00e1 y sobre todo consigue un ingreso trabajando, lo que es una fuente de dignidad para todos\u201d, afirm\u00f3.<br><br>PROMOVER<br><br>El Programa Promover est\u00e1 dirigido a personas con discapacidad que enfrentan limitaciones funcionales de car\u00e1cter psicosocial, mental, intelectual y\/o cognitivo.<br><br>El objetivo del programa es proporcionar a los beneficiarios un espacio donde puedan construir lazos comunitarios que contribuyan a su bienestar integral. Esto se logra a trav\u00e9s de talleres ocupacionales que se perciben como oportunidades de aprendizaje e inclusi\u00f3n socio-laboral.<br><br>En la ciudad de Corrientes, actualmente existen seis lugares donde el programa Promover ha estado en implementaci\u00f3n durante los \u00faltimos dos a\u00f1os, con la inserci\u00f3n laboral de m\u00e1s de 70 personas con discapacidad. Cada instituci\u00f3n gestion\u00f3 su proyecto a trav\u00e9s de la Oficina de Empleo, ubicada en Pasaje Villanueva 1460, dependiente de la Secretar\u00eda de Desarrollo Econ\u00f3mico de la Municipalidad de Corrientes.<br><br>En concreto, los proyectos son: Bibliobar (12 participantes); Yateieco Productos (10 participantes); Kiosco &#8220;San Francisco de Asis&#8221; (12 participantes); Taller de jardiner\u00eda y tejido (12 participantes); Che Caf\u00e9 (12 participantes); y Angiru tienda para mascotas (12 participantes).<\/p>\n\n\n\n<figure class=\"wp-block-gallery has-nested-images columns-default is-cropped wp-block-gallery-1 is-layout-flex wp-block-gallery-is-layout-flex\">\n<figure class=\"wp-block-image size-large\"><img loading=\"lazy\" decoding=\"async\" width=\"1024\" height=\"682\" data-id=\"142317\" src=\"https:\/\/corrientesdetarde.com\/wp-content\/uploads\/2024\/04\/31d81919-1347-98f1-9248-48062bec4be3-1024x682.jpeg\" alt=\"\" class=\"wp-image-142317\" srcset=\"https:\/\/corrientesdetarde.com\/wp-content\/uploads\/2024\/04\/31d81919-1347-98f1-9248-48062bec4be3-1024x682.jpeg 1024w, https:\/\/corrientesdetarde.com\/wp-content\/uploads\/2024\/04\/31d81919-1347-98f1-9248-48062bec4be3-300x200.jpeg 300w, https:\/\/corrientesdetarde.com\/wp-content\/uploads\/2024\/04\/31d81919-1347-98f1-9248-48062bec4be3-768x512.jpeg 768w, https:\/\/corrientesdetarde.com\/wp-content\/uploads\/2024\/04\/31d81919-1347-98f1-9248-48062bec4be3.jpeg 1280w\" sizes=\"auto, (max-width: 1024px) 100vw, 1024px\" \/><\/figure>\n\n\n\n<figure class=\"wp-block-image size-large\"><img loading=\"lazy\" decoding=\"async\" width=\"1024\" height=\"682\" data-id=\"142318\" src=\"https:\/\/corrientesdetarde.com\/wp-content\/uploads\/2024\/04\/6894809d-cc84-985d-e132-64ee48d854e4-1024x682.jpeg\" alt=\"\" class=\"wp-image-142318\" srcset=\"https:\/\/corrientesdetarde.com\/wp-content\/uploads\/2024\/04\/6894809d-cc84-985d-e132-64ee48d854e4-1024x682.jpeg 1024w, https:\/\/corrientesdetarde.com\/wp-content\/uploads\/2024\/04\/6894809d-cc84-985d-e132-64ee48d854e4-300x200.jpeg 300w, https:\/\/corrientesdetarde.com\/wp-content\/uploads\/2024\/04\/6894809d-cc84-985d-e132-64ee48d854e4-768x512.jpeg 768w, https:\/\/corrientesdetarde.com\/wp-content\/uploads\/2024\/04\/6894809d-cc84-985d-e132-64ee48d854e4.jpeg 1280w\" sizes=\"auto, (max-width: 1024px) 100vw, 1024px\" \/><\/figure>\n\n\n\n<figure class=\"wp-block-image size-large\"><img loading=\"lazy\" decoding=\"async\" width=\"1024\" height=\"682\" data-id=\"142319\" src=\"https:\/\/corrientesdetarde.com\/wp-content\/uploads\/2024\/04\/89d190a4-3d66-7d3b-596d-39750b0e6a7d-1024x682.jpeg\" alt=\"\" class=\"wp-image-142319\" srcset=\"https:\/\/corrientesdetarde.com\/wp-content\/uploads\/2024\/04\/89d190a4-3d66-7d3b-596d-39750b0e6a7d-1024x682.jpeg 1024w, https:\/\/corrientesdetarde.com\/wp-content\/uploads\/2024\/04\/89d190a4-3d66-7d3b-596d-39750b0e6a7d-300x200.jpeg 300w, https:\/\/corrientesdetarde.com\/wp-content\/uploads\/2024\/04\/89d190a4-3d66-7d3b-596d-39750b0e6a7d-768x512.jpeg 768w, https:\/\/corrientesdetarde.com\/wp-content\/uploads\/2024\/04\/89d190a4-3d66-7d3b-596d-39750b0e6a7d.jpeg 1280w\" sizes=\"auto, (max-width: 1024px) 100vw, 1024px\" \/><\/figure>\n<\/figure>\n","protected":false},"excerpt":{"rendered":"<p>A trav\u00e9s de la Oficina de Empleo, se articula e implementa en la ciudad el programa nacional Promover, por el cual, m\u00e1s de 70 personas con discapacidad est\u00e1n realizando pr\u00e1cticas&hellip; <\/p>\n","protected":false},"author":12,"featured_media":142321,"comment_status":"closed","ping_status":"open","sticky":false,"template":"","format":"standard","meta":{"footnotes":""},"categories":[8,17],"tags":[],"class_list":["post-142316","post","type-post","status-publish","format-standard","has-post-thumbnail","hentry","category-locales","category-sociales"],"_links":{"self":[{"href":"https:\/\/corrientesdetarde.com\/index.php\/wp-json\/wp\/v2\/posts\/142316","targetHints":{"allow":["GET"]}}],"collection":[{"href":"https:\/\/corrientesdetarde.com\/index.php\/wp-json\/wp\/v2\/posts"}],"about":[{"href":"https:\/\/corrientesdetarde.com\/index.php\/wp-json\/wp\/v2\/types\/post"}],"author":[{"embeddable":true,"href":"https:\/\/corrientesdetarde.com\/index.php\/wp-json\/wp\/v2\/users\/12"}],"replies":[{"embeddable":true,"href":"https:\/\/corrientesdetarde.com\/index.php\/wp-json\/wp\/v2\/comments?post=142316"}],"version-history":[{"count":1,"href":"https:\/\/corrientesdetarde.com\/index.php\/wp-json\/wp\/v2\/posts\/142316\/revisions"}],"predecessor-version":[{"id":142323,"href":"https:\/\/corrientesdetarde.com\/index.php\/wp-json\/wp\/v2\/posts\/142316\/revisions\/142323"}],"wp:featuredmedia":[{"embeddable":true,"href":"https:\/\/corrientesdetarde.com\/index.php\/wp-json\/wp\/v2\/media\/142321"}],"wp:attachment":[{"href":"https:\/\/corrientesdetarde.com\/index.php\/wp-json\/wp\/v2\/media?parent=142316"}],"wp:term":[{"taxonomy":"category","embeddable":true,"href":"https:\/\/corrientesdetarde.com\/index.php\/wp-json\/wp\/v2\/categories?post=142316"},{"taxonomy":"post_tag","embeddable":true,"href":"https:\/\/corrientesdetarde.com\/index.php\/wp-json\/wp\/v2\/tags?post=142316"}],"curies":[{"name":"wp","href":"https:\/\/api.w.org\/{rel}","templated":true}]}}