{"id":142328,"date":"2024-04-23T13:27:37","date_gmt":"2024-04-23T16:27:37","guid":{"rendered":"https:\/\/corrientesdetarde.com\/?p=142328"},"modified":"2024-04-23T13:27:50","modified_gmt":"2024-04-23T16:27:50","slug":"valdes-recibio-a-los-ex-combatientes-y-ratifico-que-la-causa-malvinas-es-politica-de-estado","status":"publish","type":"post","link":"https:\/\/corrientesdetarde.com\/index.php\/locales\/valdes-recibio-a-los-ex-combatientes-y-ratifico-que-la-causa-malvinas-es-politica-de-estado\/","title":{"rendered":"Vald\u00e9s recibi\u00f3 a los ex Combatientes y ratific\u00f3 que la causa Malvinas es \u201cpol\u00edtica de Estado\u201d"},"content":{"rendered":"\n<p>Tras haberse reencontrado con su historia, honrar a sus camaradas ca\u00eddos y cicatrizar, as\u00ed, las heridas que la guerra les dej\u00f3 tanto en el alma como en el coraz\u00f3n, retornaron a Corrientes los 21 ex Combatientes de Malvinas que el pasado 12 de abril partieron a las Islas y este martes fueron recibidos por el gobernador Gustavo Vald\u00e9s en el Sal\u00f3n Amarillo, ocasi\u00f3n en la que estuvieron presentes el ministro de Seguridad, Buenaventura Duarte, el intendente Eduardo Tassano y el director provincial de Malvinas Argentinas, Jos\u00e9 Galv\u00e1n.<\/p>\n\n\n\n<p>\u201cMalvinas es pol\u00edtica de Estado y es muy importante que hayan podido volver a visitarla. Nos contaron sus experiencias, se descargaron y pudimos percibir que se sienten mucho mejor\u201d, manifest\u00f3 al respecto Vald\u00e9s.<\/p>\n\n\n\n<p>\u201cLos recibimos para escuchar sus experiencias en el regreso a la tierra en que, j\u00f3venes, en 1982, lucharon por defender a la Patria y adem\u00e1s, recordamos con respeto y honor a quienes perdieron sus vidas en la Guerra de Malvinas\u201d, puso de relieve el gobernador<\/p>\n\n\n\n<p>El mandatario escuch\u00f3 atentamente uno por uno los testimonios de quienes visitaron el archipi\u00e9lago donde 42 a\u00f1os atr\u00e1s defendieron con bravura esa porci\u00f3n de suelo patrio del invasor ingl\u00e9s y destac\u00f3 que \u201csu sacrificio y su valent\u00eda, nos inspiren a bregar por la paz y por la soberan\u00eda, trabajando por la recuperaci\u00f3n diplom\u00e1tica de un territorio en el que debe volver a flamear, alta, la bandera celeste y blanca\u201d<\/p>\n\n\n\n<p>De esa manera, los ex Combatientes compartieron con Vald\u00e9s y los presentes en el Sal\u00f3n Amarillo sus vivencias y recuerdos durante la guerra de Malvinas, como as\u00ed tambi\u00e9n el sentimiento de emoci\u00f3n que les gener\u00f3 regresar las Islas, siendo uno de los momentos m\u00e1s emotivos cuando arribaron al Cementerio de Darwin, donde descansan compa\u00f1eros y camaradas ca\u00eddos en cumplimiento del deber.<\/p>\n\n\n\n<p>\u201cFue emocionante haber escuchado a cada uno de ellos, tanto en sus vivencias personales durante la guerra, como en lo que sintieron al volver a Malvinas\u201d, expres\u00f3 el gobernador, se\u00f1alando que con sus relatos \u201cnos hicieron conocer esa experiencia tan traum\u00e1tica que vivieron cuando eran muy j\u00f3venes\u201d.<\/p>\n\n\n\n<p>Asimismo, los h\u00e9roes correntinos agradecieron al gobernador Vald\u00e9s por todo el apoyo para hacer realidad el viaje, que signific\u00f3 para ellos \u201csacarse una mochila de encima\u201d, reconfortando el alma, los corazones y manteniendo viva la memoria de todo lo que vivieron en 1982 en el conflicto b\u00e9lico con el invasor brit\u00e1nico.<\/p>\n\n\n\n<p>La n\u00f3mina del contingente que viaj\u00f3 a Malvinas fue la siguiente: &nbsp;Adolfo Aguirre (Capital); Ram\u00f3n Aranda (Itat\u00ed); Jorge Baldini (Goya); Miguel Ben\u00edtez (Mantilla); Juan C\u00e1ceres (Capital); Jos\u00e9 Carbonell (Paso de los Libres); Ram\u00f3n Cerd\u00e1n (Ituzaing\u00f3); Ger\u00f3nimo Da Silva (Gobernador Virasoro); Homero Dom\u00ednguez (Bella Vista); Daniel Duarte (Capital); \u00c1ngel Flores (coordinador); Jos\u00e9 Flores (Monte Caseros); Ram\u00f3n G\u00f3mez (San Luis del Palmar); Ram\u00f3n Gonz\u00e1lez (Sause); Alejandro Gonz\u00e1lez (Capital);&nbsp; Sergio Khouri (Curuz\u00fa Cuati\u00e1);&nbsp; Faustino Mi\u00f1o (Saladas); Juan de Dios Monz\u00f3n (Mercedes); Ram\u00f3n Echeverr\u00eda (Gobernador Virasoro); Miguel Toledo (San Cosme); Rub\u00e9n Torres (Saladas); Myriam Fleitas (periodista) y Marcelo N\u00fa\u00f1ez (periodista).<\/p>\n\n\n\n<figure class=\"wp-block-image size-large\"><img loading=\"lazy\" decoding=\"async\" width=\"1024\" height=\"682\" src=\"https:\/\/corrientesdetarde.com\/wp-content\/uploads\/2024\/04\/image-588-1024x682.png\" alt=\"\" class=\"wp-image-142329\" srcset=\"https:\/\/corrientesdetarde.com\/wp-content\/uploads\/2024\/04\/image-588-1024x682.png 1024w, https:\/\/corrientesdetarde.com\/wp-content\/uploads\/2024\/04\/image-588-300x200.png 300w, https:\/\/corrientesdetarde.com\/wp-content\/uploads\/2024\/04\/image-588-768x512.png 768w, https:\/\/corrientesdetarde.com\/wp-content\/uploads\/2024\/04\/image-588-1536x1023.png 1536w, https:\/\/corrientesdetarde.com\/wp-content\/uploads\/2024\/04\/image-588.png 1600w\" sizes=\"auto, (max-width: 1024px) 100vw, 1024px\" \/><\/figure>\n\n\n\n<figure class=\"wp-block-image size-large\"><img loading=\"lazy\" decoding=\"async\" width=\"1024\" height=\"682\" src=\"https:\/\/corrientesdetarde.com\/wp-content\/uploads\/2024\/04\/image-589-1024x682.png\" alt=\"\" class=\"wp-image-142330\" srcset=\"https:\/\/corrientesdetarde.com\/wp-content\/uploads\/2024\/04\/image-589-1024x682.png 1024w, https:\/\/corrientesdetarde.com\/wp-content\/uploads\/2024\/04\/image-589-300x200.png 300w, https:\/\/corrientesdetarde.com\/wp-content\/uploads\/2024\/04\/image-589-768x512.png 768w, https:\/\/corrientesdetarde.com\/wp-content\/uploads\/2024\/04\/image-589-1536x1023.png 1536w, https:\/\/corrientesdetarde.com\/wp-content\/uploads\/2024\/04\/image-589.png 1600w\" sizes=\"auto, (max-width: 1024px) 100vw, 1024px\" \/><\/figure>\n\n\n\n<figure class=\"wp-block-image size-large\"><img loading=\"lazy\" decoding=\"async\" width=\"1024\" height=\"712\" src=\"https:\/\/corrientesdetarde.com\/wp-content\/uploads\/2024\/04\/image-590-1024x712.png\" alt=\"\" class=\"wp-image-142331\" srcset=\"https:\/\/corrientesdetarde.com\/wp-content\/uploads\/2024\/04\/image-590-1024x712.png 1024w, https:\/\/corrientesdetarde.com\/wp-content\/uploads\/2024\/04\/image-590-300x209.png 300w, https:\/\/corrientesdetarde.com\/wp-content\/uploads\/2024\/04\/image-590-768x534.png 768w, https:\/\/corrientesdetarde.com\/wp-content\/uploads\/2024\/04\/image-590-1536x1068.png 1536w, https:\/\/corrientesdetarde.com\/wp-content\/uploads\/2024\/04\/image-590.png 1600w\" sizes=\"auto, (max-width: 1024px) 100vw, 1024px\" \/><\/figure>\n\n\n\n<figure class=\"wp-block-image size-large\"><img loading=\"lazy\" decoding=\"async\" width=\"1024\" height=\"682\" src=\"https:\/\/corrientesdetarde.com\/wp-content\/uploads\/2024\/04\/image-591-1024x682.png\" alt=\"\" class=\"wp-image-142332\" srcset=\"https:\/\/corrientesdetarde.com\/wp-content\/uploads\/2024\/04\/image-591-1024x682.png 1024w, https:\/\/corrientesdetarde.com\/wp-content\/uploads\/2024\/04\/image-591-300x200.png 300w, https:\/\/corrientesdetarde.com\/wp-content\/uploads\/2024\/04\/image-591-768x512.png 768w, https:\/\/corrientesdetarde.com\/wp-content\/uploads\/2024\/04\/image-591-1536x1023.png 1536w, https:\/\/corrientesdetarde.com\/wp-content\/uploads\/2024\/04\/image-591.png 1600w\" sizes=\"auto, (max-width: 1024px) 100vw, 1024px\" \/><\/figure>\n\n\n\n<figure class=\"wp-block-image size-large\"><img loading=\"lazy\" decoding=\"async\" width=\"1024\" height=\"682\" src=\"https:\/\/corrientesdetarde.com\/wp-content\/uploads\/2024\/04\/image-592-1024x682.png\" alt=\"\" class=\"wp-image-142333\" srcset=\"https:\/\/corrientesdetarde.com\/wp-content\/uploads\/2024\/04\/image-592-1024x682.png 1024w, https:\/\/corrientesdetarde.com\/wp-content\/uploads\/2024\/04\/image-592-300x200.png 300w, https:\/\/corrientesdetarde.com\/wp-content\/uploads\/2024\/04\/image-592-768x512.png 768w, https:\/\/corrientesdetarde.com\/wp-content\/uploads\/2024\/04\/image-592-1536x1023.png 1536w, https:\/\/corrientesdetarde.com\/wp-content\/uploads\/2024\/04\/image-592.png 1600w\" sizes=\"auto, (max-width: 1024px) 100vw, 1024px\" \/><\/figure>\n\n\n\n<figure class=\"wp-block-image size-large\"><img loading=\"lazy\" decoding=\"async\" width=\"1024\" height=\"682\" src=\"https:\/\/corrientesdetarde.com\/wp-content\/uploads\/2024\/04\/image-593-1024x682.png\" alt=\"\" class=\"wp-image-142334\" srcset=\"https:\/\/corrientesdetarde.com\/wp-content\/uploads\/2024\/04\/image-593-1024x682.png 1024w, https:\/\/corrientesdetarde.com\/wp-content\/uploads\/2024\/04\/image-593-300x200.png 300w, https:\/\/corrientesdetarde.com\/wp-content\/uploads\/2024\/04\/image-593-768x512.png 768w, https:\/\/corrientesdetarde.com\/wp-content\/uploads\/2024\/04\/image-593-1536x1023.png 1536w, https:\/\/corrientesdetarde.com\/wp-content\/uploads\/2024\/04\/image-593.png 1600w\" sizes=\"auto, (max-width: 1024px) 100vw, 1024px\" \/><\/figure>\n","protected":false},"excerpt":{"rendered":"<p>Tras haberse reencontrado con su historia, honrar a sus camaradas ca\u00eddos y cicatrizar, as\u00ed, las heridas que la guerra les dej\u00f3 tanto en el alma como en el coraz\u00f3n, retornaron&hellip; <\/p>\n","protected":false},"author":8,"featured_media":142335,"comment_status":"closed","ping_status":"open","sticky":false,"template":"","format":"standard","meta":{"footnotes":""},"categories":[8],"tags":[],"class_list":["post-142328","post","type-post","status-publish","format-standard","has-post-thumbnail","hentry","category-locales"],"_links":{"self":[{"href":"https:\/\/corrientesdetarde.com\/index.php\/wp-json\/wp\/v2\/posts\/142328","targetHints":{"allow":["GET"]}}],"collection":[{"href":"https:\/\/corrientesdetarde.com\/index.php\/wp-json\/wp\/v2\/posts"}],"about":[{"href":"https:\/\/corrientesdetarde.com\/index.php\/wp-json\/wp\/v2\/types\/post"}],"author":[{"embeddable":true,"href":"https:\/\/corrientesdetarde.com\/index.php\/wp-json\/wp\/v2\/users\/8"}],"replies":[{"embeddable":true,"href":"https:\/\/corrientesdetarde.com\/index.php\/wp-json\/wp\/v2\/comments?post=142328"}],"version-history":[{"count":1,"href":"https:\/\/corrientesdetarde.com\/index.php\/wp-json\/wp\/v2\/posts\/142328\/revisions"}],"predecessor-version":[{"id":142336,"href":"https:\/\/corrientesdetarde.com\/index.php\/wp-json\/wp\/v2\/posts\/142328\/revisions\/142336"}],"wp:featuredmedia":[{"embeddable":true,"href":"https:\/\/corrientesdetarde.com\/index.php\/wp-json\/wp\/v2\/media\/142335"}],"wp:attachment":[{"href":"https:\/\/corrientesdetarde.com\/index.php\/wp-json\/wp\/v2\/media?parent=142328"}],"wp:term":[{"taxonomy":"category","embeddable":true,"href":"https:\/\/corrientesdetarde.com\/index.php\/wp-json\/wp\/v2\/categories?post=142328"},{"taxonomy":"post_tag","embeddable":true,"href":"https:\/\/corrientesdetarde.com\/index.php\/wp-json\/wp\/v2\/tags?post=142328"}],"curies":[{"name":"wp","href":"https:\/\/api.w.org\/{rel}","templated":true}]}}