{"id":142352,"date":"2024-04-23T13:43:32","date_gmt":"2024-04-23T16:43:32","guid":{"rendered":"https:\/\/corrientesdetarde.com\/?p=142352"},"modified":"2024-04-23T13:43:43","modified_gmt":"2024-04-23T16:43:43","slug":"un-hombre-tiro-a-su-perro-desde-un-piso-10-tras-discutir-con-su-pareja-y-lo-detuvieron","status":"publish","type":"post","link":"https:\/\/corrientesdetarde.com\/index.php\/internacionales\/un-hombre-tiro-a-su-perro-desde-un-piso-10-tras-discutir-con-su-pareja-y-lo-detuvieron\/","title":{"rendered":"Un hombre tir\u00f3 a su perro desde un piso 10 tras discutir con su pareja y lo detuvieron"},"content":{"rendered":"\n<p>Una vecina alert\u00f3 del hecho a una fundaci\u00f3n de protecci\u00f3n de animales y dos voluntarias lograron retener al agresor hasta que llegaron las autoridades.<\/p>\n\n\n\n<p>Un repudiable caso de maltrato animal tuvo lugar en Santiago de Chile en la noche de este lunes y conmocion\u00f3 a los vecinos: un hombre fue detenido despu\u00e9s de&nbsp;<strong>tirar a su perro desde el piso 10 de su edificio<\/strong>.<\/p>\n\n\n\n<p>De acuerdo a lo que inform\u00f3&nbsp;<em>Meganoticias<\/em>, el hecho ocurri\u00f3 en un domicilio ubicado en la calle Eleuterio Ram\u00edrez cuando el agresor comenz\u00f3 a tener&nbsp;<strong>una discusi\u00f3n con su pareja<\/strong>.<\/p>\n\n\n\n<p>El can muri\u00f3 en el lugar a causa de la ca\u00edda y seg\u00fan el testimonio de Ximena Flores, voluntaria de la fundaci\u00f3n Patitas Parque Almagro que lleg\u00f3 a la escena por el llamado de una vecina,&nbsp;<strong>el atacante se escondi\u00f3 en su departamento<\/strong>.<\/p>\n\n\n\n<p>Asimismo, afirm\u00f3: \u201c<strong>Estaba con consumo de drogas<\/strong>. Se le encontraron muchos papelillos de \u2018tusi\u2019 en sus bolsillos y una navaja, que sac\u00f3 e intent\u00f3 agredir a mi compa\u00f1era Romina\u201d.<\/p>\n\n\n\n<p>En cuanto intentaron demorarlo hasta que llegue la Polic\u00eda, el hombre le peg\u00f3 a una de las mujeres y quiso escapar. Sin embargo, en ese momento llegaron los efectivos y se lo llevaron detenido. \u201c<strong>No quer\u00eda que Carabineros lo encontrara, quer\u00eda evadir la Justicia<\/strong>\u201d, agreg\u00f3 Flores.<\/p>\n\n\n\n<p>Posteriormente, la fundaci\u00f3n \u201cPatitas Parque Almagro\u201d emiti\u00f3 un comunicado en el que confirmaron que ya iniciaron acciones legales contra el acusado para que \u201cel crimen de este peque\u00f1o animal no quede impune\u201d. A su vez, se encuentran realizando una colecta de fondos para poder financiar la cremaci\u00f3n de los restos.<\/p>\n\n\n\n<h2 class=\"wp-block-heading\">C\u00f3mo hacer la denuncia en casos de maltrato animal<\/h2>\n\n\n\n<figure class=\"wp-block-image\"><img decoding=\"async\" src=\"https:\/\/tn.com.ar\/resizer\/qjfxSeblGHAUkT_9YkgO3-vdLMk=\/767x0\/smart\/filters:format(webp)\/cloudfront-us-east-1.images.arcpublishing.com\/artear\/M22KBLPENFDE7JCKZGEDVWVGQE.PNG\" alt=\"C\u00f3mo hacer la denuncia en casos de maltrato animal. (Foto: Pexels)\"\/><\/figure>\n\n\n\n<p>Ten\u00e9s que hacer la&nbsp;<strong>denuncia penal<\/strong>. El tr\u00e1mite es&nbsp;<strong>gratuito&nbsp;<\/strong>y los funcionarios est\u00e1n obligados a tomarla. Seg\u00fan donde vivas, pod\u00e9s hacerla:<\/p>\n\n\n\n<ul class=\"wp-block-list\">\n<li>En la comisar\u00eda m\u00e1s cercana al lugar donde ocurri\u00f3 el hecho.<\/li>\n\n\n\n<li>En la fiscal\u00eda o UFI (Unidad Funcional de Instrucci\u00f3n).<\/li>\n\n\n\n<li>En el Juzgado de instrucci\u00f3n.<\/li>\n<\/ul>\n\n\n\n<p>Si el caso ocurre en la v\u00eda p\u00fablica, se puede llamar al 911 o, en el caso de que ocurra en la Ciudad de Buenos Aires, tambi\u00e9n se puede contactar al 0800-333-47225 que es el tel\u00e9fono del Ministerio P\u00fablico Fiscal de la Ciudad y funciona las 24 horas.<\/p>\n","protected":false},"excerpt":{"rendered":"<p>Una vecina alert\u00f3 del hecho a una fundaci\u00f3n de protecci\u00f3n de animales y dos voluntarias lograron retener al agresor hasta que llegaron las autoridades. Un repudiable caso de maltrato animal&hellip; <\/p>\n","protected":false},"author":8,"featured_media":142353,"comment_status":"closed","ping_status":"open","sticky":false,"template":"","format":"standard","meta":{"footnotes":""},"categories":[11],"tags":[],"class_list":["post-142352","post","type-post","status-publish","format-standard","has-post-thumbnail","hentry","category-internacionales"],"_links":{"self":[{"href":"https:\/\/corrientesdetarde.com\/index.php\/wp-json\/wp\/v2\/posts\/142352","targetHints":{"allow":["GET"]}}],"collection":[{"href":"https:\/\/corrientesdetarde.com\/index.php\/wp-json\/wp\/v2\/posts"}],"about":[{"href":"https:\/\/corrientesdetarde.com\/index.php\/wp-json\/wp\/v2\/types\/post"}],"author":[{"embeddable":true,"href":"https:\/\/corrientesdetarde.com\/index.php\/wp-json\/wp\/v2\/users\/8"}],"replies":[{"embeddable":true,"href":"https:\/\/corrientesdetarde.com\/index.php\/wp-json\/wp\/v2\/comments?post=142352"}],"version-history":[{"count":1,"href":"https:\/\/corrientesdetarde.com\/index.php\/wp-json\/wp\/v2\/posts\/142352\/revisions"}],"predecessor-version":[{"id":142354,"href":"https:\/\/corrientesdetarde.com\/index.php\/wp-json\/wp\/v2\/posts\/142352\/revisions\/142354"}],"wp:featuredmedia":[{"embeddable":true,"href":"https:\/\/corrientesdetarde.com\/index.php\/wp-json\/wp\/v2\/media\/142353"}],"wp:attachment":[{"href":"https:\/\/corrientesdetarde.com\/index.php\/wp-json\/wp\/v2\/media?parent=142352"}],"wp:term":[{"taxonomy":"category","embeddable":true,"href":"https:\/\/corrientesdetarde.com\/index.php\/wp-json\/wp\/v2\/categories?post=142352"},{"taxonomy":"post_tag","embeddable":true,"href":"https:\/\/corrientesdetarde.com\/index.php\/wp-json\/wp\/v2\/tags?post=142352"}],"curies":[{"name":"wp","href":"https:\/\/api.w.org\/{rel}","templated":true}]}}