{"id":142504,"date":"2024-04-23T20:42:19","date_gmt":"2024-04-23T23:42:19","guid":{"rendered":"https:\/\/corrientesdetarde.com\/?p=142504"},"modified":"2024-04-23T20:42:22","modified_gmt":"2024-04-23T23:42:22","slug":"velez-le-rescindio-el-contrato-a-osorio-florentin-y-cufre-tras-el-escandalo-de-abuso-sexual","status":"publish","type":"post","link":"https:\/\/corrientesdetarde.com\/index.php\/deportes\/velez-le-rescindio-el-contrato-a-osorio-florentin-y-cufre-tras-el-escandalo-de-abuso-sexual\/","title":{"rendered":"V\u00e9lez le rescindi\u00f3 el contrato a Osorio, Florent\u00edn y Cufr\u00e9 tras el esc\u00e1ndalo de abuso sexual"},"content":{"rendered":"\n<p>La instituci\u00f3n ya lo hab\u00eda hecho d\u00edas atr\u00e1s con Sosa, tambi\u00e9n implicado en el caso.<\/p>\n\n\n\n<p><strong>V\u00e9lez inform\u00f3 este martes que notific\u00f3 a Abiel Osorio, Jos\u00e9 Florent\u00edn y Braian Cufr\u00e9 acerca de la \u201crescisi\u00f3n con efecto inmediato de sus respectivos contratos\u201d<\/strong>, luego del esc\u00e1ndalo de abuso sexual en los que est\u00e1n implicados ellos tres junto con el arquero\u00a0<strong>Sebasti\u00e1n Sosa<\/strong>, tambi\u00e9n desafectado del club d\u00edas atr\u00e1s.<\/p>\n\n\n\n<figure class=\"wp-block-embed is-type-rich is-provider-twitter wp-block-embed-twitter\"><div class=\"wp-block-embed__wrapper\">\n<blockquote class=\"twitter-tweet\" data-width=\"550\" data-dnt=\"true\"><p lang=\"es\" dir=\"ltr\">\ud83d\udd35 En el d\u00eda de la fecha el Club notific\u00f3 a los jugadores Abiel Osorio, Jos\u00e9 Florentin y Braian Cufr\u00e9 la rescisi\u00f3n con efecto inmediato de sus respectivos contratos de trabajo.\u00a0<br><br>\ud83d\udc68\ud83c\udffb\u200d\ud83d\udcbb <a href=\"https:\/\/t.co\/CNXo6CsjjS\">https:\/\/t.co\/CNXo6CsjjS<\/a> <a href=\"https:\/\/t.co\/FmY3a1qoMi\">pic.twitter.com\/FmY3a1qoMi<\/a><\/p>&mdash; V\u00e9lez Sarsfield (@Velez) <a href=\"https:\/\/twitter.com\/Velez\/status\/1782836791910732078?ref_src=twsrc%5Etfw\">April 23, 2024<\/a><\/blockquote><script async src=\"https:\/\/platform.twitter.com\/widgets.js\" charset=\"utf-8\"><\/script>\n<\/div><\/figure>\n\n\n\n<p>En un comunicado, el \u201cFort\u00edn\u201d expres\u00f3: \u201cLa medida fue adoptada luego de una investigaci\u00f3n interna, mediante un sumario administrativo, que determin\u00f3 que los referidos jugadores incurrieron en&nbsp;<strong>inconductas laborales graves<\/strong>, lo que fundamenta la rescisi\u00f3n con causa de sus v\u00ednculos contractuales\u201d.<\/p>\n\n\n\n<p>\u201cLas \u00e1reas de F\u00fatbol, G\u00e9neros y Legales del Club, entre otras, han trabajado de manera permanente y coordinada con el objeto de atender la situaci\u00f3n con la seriedad que merece, cumpliendo con todos los pasos correspondientes y tomando todas las medidas necesarias para salvaguardar y proteger los intereses de la Instituci\u00f3n\u201d, a\u00f1adi\u00f3 uno de los semifinalistas de la actual Copa de la Liga.<\/p>\n\n\n\n<p>El hecho ocurri\u00f3 a comienzos de marzo luego del encuentro entre V\u00e9lez y Atl\u00e9tico Tucum\u00e1n. Alrededor de las 22,&nbsp;<strong>la joven recibi\u00f3 la invitaci\u00f3n a trav\u00e9s de Instagram para que se presentara en el Hotel Hilton.<\/strong><\/p>\n\n\n\n<p>Seg\u00fan lo expuesto por la joven, ella acept\u00f3 y fue al lugar donde lleg\u00f3 a las 00.40 aproximadamente del 3 de marzo.&nbsp;Cuando subi\u00f3 a la habitaci\u00f3n, donde ya la estaba esperando Sosa, al ingresar observ\u00f3 que tambi\u00e9n se encontraban los jugadores Cufr\u00e9, Osorio y Florent\u00edn, con los cuales<strong>&nbsp;comparti\u00f3 unas latas de cerveza, luego fernet y, despu\u00e9s de tomar unos tragos, comenz\u00f3 a sentirse muy mareada.<\/strong><\/p>\n\n\n\n<p><strong>&#8220;Fue entonces que, sin ning\u00fan consentimiento, la abusaron sexualmente. Posteriormente, a las 05.30 aproximadamente, cuando se sinti\u00f3 un poco mejor, logr\u00f3 pedir un Uber y se retir\u00f3 a su domicilio&#8221;<\/strong>, dice la denuncia.<\/p>\n","protected":false},"excerpt":{"rendered":"<p>La instituci\u00f3n ya lo hab\u00eda hecho d\u00edas atr\u00e1s con Sosa, tambi\u00e9n implicado en el caso. V\u00e9lez inform\u00f3 este martes que notific\u00f3 a Abiel Osorio, Jos\u00e9 Florent\u00edn y Braian Cufr\u00e9 acerca&hellip; <\/p>\n","protected":false},"author":4,"featured_media":142521,"comment_status":"closed","ping_status":"open","sticky":false,"template":"","format":"standard","meta":{"footnotes":""},"categories":[4],"tags":[],"class_list":["post-142504","post","type-post","status-publish","format-standard","has-post-thumbnail","hentry","category-deportes"],"_links":{"self":[{"href":"https:\/\/corrientesdetarde.com\/index.php\/wp-json\/wp\/v2\/posts\/142504","targetHints":{"allow":["GET"]}}],"collection":[{"href":"https:\/\/corrientesdetarde.com\/index.php\/wp-json\/wp\/v2\/posts"}],"about":[{"href":"https:\/\/corrientesdetarde.com\/index.php\/wp-json\/wp\/v2\/types\/post"}],"author":[{"embeddable":true,"href":"https:\/\/corrientesdetarde.com\/index.php\/wp-json\/wp\/v2\/users\/4"}],"replies":[{"embeddable":true,"href":"https:\/\/corrientesdetarde.com\/index.php\/wp-json\/wp\/v2\/comments?post=142504"}],"version-history":[{"count":1,"href":"https:\/\/corrientesdetarde.com\/index.php\/wp-json\/wp\/v2\/posts\/142504\/revisions"}],"predecessor-version":[{"id":142522,"href":"https:\/\/corrientesdetarde.com\/index.php\/wp-json\/wp\/v2\/posts\/142504\/revisions\/142522"}],"wp:featuredmedia":[{"embeddable":true,"href":"https:\/\/corrientesdetarde.com\/index.php\/wp-json\/wp\/v2\/media\/142521"}],"wp:attachment":[{"href":"https:\/\/corrientesdetarde.com\/index.php\/wp-json\/wp\/v2\/media?parent=142504"}],"wp:term":[{"taxonomy":"category","embeddable":true,"href":"https:\/\/corrientesdetarde.com\/index.php\/wp-json\/wp\/v2\/categories?post=142504"},{"taxonomy":"post_tag","embeddable":true,"href":"https:\/\/corrientesdetarde.com\/index.php\/wp-json\/wp\/v2\/tags?post=142504"}],"curies":[{"name":"wp","href":"https:\/\/api.w.org\/{rel}","templated":true}]}}