{"id":142511,"date":"2024-04-23T20:27:11","date_gmt":"2024-04-23T23:27:11","guid":{"rendered":"https:\/\/corrientesdetarde.com\/?p=142511"},"modified":"2024-04-23T20:27:15","modified_gmt":"2024-04-23T23:27:15","slug":"reaparecio-kate-middleton-luego-de-anunciar-que-tiene-cancer","status":"publish","type":"post","link":"https:\/\/corrientesdetarde.com\/index.php\/internacionales\/reaparecio-kate-middleton-luego-de-anunciar-que-tiene-cancer\/","title":{"rendered":"Reapareci\u00f3 Kate Middleton luego de anunciar que tiene c\u00e1ncer"},"content":{"rendered":"\n<p>Kate Middleton volvi\u00f3 a aparecer por el cumplea\u00f1os de su hijo, el Pr\u00edncipe Louis.<\/p>\n\n\n\n<p>Hace un mes, el 22 de marzo pasado,&nbsp;<strong>Kate Middleton anunci\u00f3 desde sus redes sociales que tiene c\u00e1ncer, causando un revuelo enorme en el Reino Unido.<\/strong><\/p>\n\n\n\n<p>\u00a0<strong>La Princesa de Gales no brind\u00f3 detalles en espec\u00edfico sobre qu\u00e9 tipo de tumor tiene ni d\u00f3nde, solamente asegur\u00f3 que ya se encuentra en pleno tratamiento<\/strong>.\u00a0<\/p>\n\n\n\n<figure class=\"wp-block-image size-full\"><img loading=\"lazy\" decoding=\"async\" width=\"783\" height=\"435\" src=\"https:\/\/corrientesdetarde.com\/wp-content\/uploads\/2024\/04\/image-625.png\" alt=\"\" class=\"wp-image-142512\" srcset=\"https:\/\/corrientesdetarde.com\/wp-content\/uploads\/2024\/04\/image-625.png 783w, https:\/\/corrientesdetarde.com\/wp-content\/uploads\/2024\/04\/image-625-300x167.png 300w, https:\/\/corrientesdetarde.com\/wp-content\/uploads\/2024\/04\/image-625-768x427.png 768w\" sizes=\"auto, (max-width: 783px) 100vw, 783px\" \/><\/figure>\n\n\n\n<p>&nbsp;<strong>Kate Middleton&nbsp;<\/strong>solo pidi\u00f3 que se respete su intimidad para poder preservar a sus hijos, que son tres y todos menores de edad.<\/p>\n\n\n\n<h2 class=\"wp-block-heading\">\u00a0<strong>Kate Middleton y el saludo a su hijo<\/strong><\/h2>\n\n\n\n<figure class=\"wp-block-image size-full\"><img loading=\"lazy\" decoding=\"async\" width=\"782\" height=\"473\" src=\"https:\/\/corrientesdetarde.com\/wp-content\/uploads\/2024\/04\/image-626.png\" alt=\"\" class=\"wp-image-142513\" srcset=\"https:\/\/corrientesdetarde.com\/wp-content\/uploads\/2024\/04\/image-626.png 782w, https:\/\/corrientesdetarde.com\/wp-content\/uploads\/2024\/04\/image-626-300x181.png 300w, https:\/\/corrientesdetarde.com\/wp-content\/uploads\/2024\/04\/image-626-768x465.png 768w\" sizes=\"auto, (max-width: 782px) 100vw, 782px\" \/><\/figure>\n\n\n\n<p><strong>Kate Middleton dej\u00f3 de aparecer en escena y por ahora el Pr\u00edncipe William se mostrar\u00e1 solo a lo largo del a\u00f1o<\/strong>. Sin embargo, en las \u00faltimas horas, la Princesa reapareci\u00f3 en su cuenta oficial de Instagram con el fin de homenajear a su hijo menor, el Pr\u00edncipe Louis.<\/p>\n\n\n\n<p><strong>La fotos de Luisito &#8220;no ha sido manipulada&#8221;<\/strong>, explicaron especialistas, marcando que fue tomada &#8220;en los \u00faltimos d\u00edas en Windsor&#8221;, donde viven Guillermo y Kate con sus tres hijos.<\/p>\n\n\n\n<p>La foto in\u00e9dita compartida por Kate Middleton de Louis de Cambridge. Foto: (Principado de Gales)<\/p>\n\n\n\n<p>Su Alteza Real,&nbsp;<strong>Louis Arthur Charles, m\u00e1s conocido como Louis de Cambridge naci\u00f3 el 23 de abril del 2018<\/strong>, por lo que se encuentra celebrando su sexto cumplea\u00f1os. Es por eso que su madre,<strong>&nbsp;la Princesa Kate comparti\u00f3 una fotograf\u00eda in\u00e9dita del m\u00e1s joven y revoltoso de su familia, donde escribi\u00f3: &#8220;Feliz sexto cumplea\u00f1os, Pr\u00edncipe Louis. Gracias a todos por los buenos deseos para hoy&#8221;<\/strong>.<\/p>\n\n\n\n<p>Si bien Kate no cometi\u00f3 el mismo error del d\u00eda de las madres de compartir una imagen editada de ella con el m\u00e1s joven, s\u00ed opt\u00f3 por hacerse presente en este momento aunque no se dej\u00f3 ver. Sin embargo, con este gesto, dej\u00f3 en claro que<strong>&nbsp;est\u00e1 muy pendiente de sus hijos y su felicidad para seguir acompa\u00f1\u00e1ndolos.<\/strong><\/p>\n","protected":false},"excerpt":{"rendered":"<p>Kate Middleton volvi\u00f3 a aparecer por el cumplea\u00f1os de su hijo, el Pr\u00edncipe Louis. Hace un mes, el 22 de marzo pasado,&nbsp;Kate Middleton anunci\u00f3 desde sus redes sociales que tiene&hellip; <\/p>\n","protected":false},"author":4,"featured_media":142514,"comment_status":"closed","ping_status":"open","sticky":false,"template":"","format":"standard","meta":{"footnotes":""},"categories":[11],"tags":[],"class_list":["post-142511","post","type-post","status-publish","format-standard","has-post-thumbnail","hentry","category-internacionales"],"_links":{"self":[{"href":"https:\/\/corrientesdetarde.com\/index.php\/wp-json\/wp\/v2\/posts\/142511","targetHints":{"allow":["GET"]}}],"collection":[{"href":"https:\/\/corrientesdetarde.com\/index.php\/wp-json\/wp\/v2\/posts"}],"about":[{"href":"https:\/\/corrientesdetarde.com\/index.php\/wp-json\/wp\/v2\/types\/post"}],"author":[{"embeddable":true,"href":"https:\/\/corrientesdetarde.com\/index.php\/wp-json\/wp\/v2\/users\/4"}],"replies":[{"embeddable":true,"href":"https:\/\/corrientesdetarde.com\/index.php\/wp-json\/wp\/v2\/comments?post=142511"}],"version-history":[{"count":1,"href":"https:\/\/corrientesdetarde.com\/index.php\/wp-json\/wp\/v2\/posts\/142511\/revisions"}],"predecessor-version":[{"id":142515,"href":"https:\/\/corrientesdetarde.com\/index.php\/wp-json\/wp\/v2\/posts\/142511\/revisions\/142515"}],"wp:featuredmedia":[{"embeddable":true,"href":"https:\/\/corrientesdetarde.com\/index.php\/wp-json\/wp\/v2\/media\/142514"}],"wp:attachment":[{"href":"https:\/\/corrientesdetarde.com\/index.php\/wp-json\/wp\/v2\/media?parent=142511"}],"wp:term":[{"taxonomy":"category","embeddable":true,"href":"https:\/\/corrientesdetarde.com\/index.php\/wp-json\/wp\/v2\/categories?post=142511"},{"taxonomy":"post_tag","embeddable":true,"href":"https:\/\/corrientesdetarde.com\/index.php\/wp-json\/wp\/v2\/tags?post=142511"}],"curies":[{"name":"wp","href":"https:\/\/api.w.org\/{rel}","templated":true}]}}