{"id":142519,"date":"2024-04-23T21:15:00","date_gmt":"2024-04-24T00:15:00","guid":{"rendered":"https:\/\/corrientesdetarde.com\/?p=142519"},"modified":"2024-04-23T21:15:12","modified_gmt":"2024-04-24T00:15:12","slug":"arde-independiente-hugo-tocalli-renunciaria-a-su-cargo-en-inferiores-por-diferencias-con-los-dirigentes","status":"publish","type":"post","link":"https:\/\/corrientesdetarde.com\/index.php\/deportes\/arde-independiente-hugo-tocalli-renunciaria-a-su-cargo-en-inferiores-por-diferencias-con-los-dirigentes\/","title":{"rendered":"Arde Independiente: Hugo Tocalli renunciar\u00eda a su cargo en inferiores por diferencias con los dirigentes"},"content":{"rendered":"\n<p>El hist\u00f3rico trabajador de las juveniles de la Selecci\u00f3n argentina siente que no es escuchado por la Comisi\u00f3n Directiva.<\/p>\n\n\n\n<p><strong>El coordinador de divisi\u00f3n juveniles en\u00a0Independiente, Hugo Tocalli, renunciar\u00eda a su cargo por diferencias con los dirigentes del club de Avellaneda\u00a0<\/strong>y ya este martes se ausent\u00f3 en el Predio Santo Domingo de Villa Dom\u00ednico.\u00a0<\/p>\n\n\n\n<p><strong>El caos en Independiente no para<\/strong>&nbsp;y, tras lo que fue la eliminaci\u00f3n en la Copa de la Liga y la puesta en duda de la continuidad de Carlos Tevez como entrenador del primer equipo, estall\u00f3 un nuevo problema en el club con la&nbsp;<strong>factible renuncia de Hugo Tocalli, hist\u00f3rico trabajador de las categor\u00edas juveniles de la Selecci\u00f3n argentina, como coordinador de las divisiones inferiores.&nbsp;<\/strong><\/p>\n\n\n\n<p>El ex arquero, de vasto recorrido en el ascenso,&nbsp;<strong>no se present\u00f3 este martes en el Predio Santo Domingo de Villa Dom\u00ednico y los motivos de su portazo ser\u00eda por diferencias con la actual comisi\u00f3n directiva<\/strong>&nbsp;encabezada por N\u00e9stor Grindetti.&nbsp;<\/p>\n\n\n\n<p>Tras lo que fue la repentina renuncia de Fernando Kuyumchoglu luego de menos de un mes de trabajo,&nbsp;<strong>Tocalli asumi\u00f3 el cargo a fines de 2022 y les solicit\u00f3 a los dirigentes la construcci\u00f3n de un nuevo vestuario que nunca se llev\u00f3 a cabo.<\/strong>&nbsp;Esa necesidad se vio resaltada el fin de semana, cuando&nbsp;<strong>el equipo femenino coincidi\u00f3 con los partidos de los juveniles, algo que deriv\u00f3 en que&nbsp;los chicos tengan que cambiarse en uno de los ba\u00f1os.&nbsp;<\/strong><\/p>\n\n\n\n<p>La gota que rebals\u00f3 el vaso fue la&nbsp;<strong>suspensi\u00f3n del partido de cuarta divisi\u00f3n el fin de semana entre Independiente y Deportivo Riestra, en Villa Dominico, por la ausencia de dos efectivos policiales.<\/strong>&nbsp;El coordinador considera que&nbsp;<strong>no es escuchado por la dirigencia y tendr\u00eda decidido dar un paso al costado<\/strong>.&nbsp;<\/p>\n","protected":false},"excerpt":{"rendered":"<p>El hist\u00f3rico trabajador de las juveniles de la Selecci\u00f3n argentina siente que no es escuchado por la Comisi\u00f3n Directiva. El coordinador de divisi\u00f3n juveniles en\u00a0Independiente, Hugo Tocalli, renunciar\u00eda a su&hellip; <\/p>\n","protected":false},"author":4,"featured_media":142520,"comment_status":"closed","ping_status":"open","sticky":false,"template":"","format":"standard","meta":{"footnotes":""},"categories":[4],"tags":[],"class_list":["post-142519","post","type-post","status-publish","format-standard","has-post-thumbnail","hentry","category-deportes"],"_links":{"self":[{"href":"https:\/\/corrientesdetarde.com\/index.php\/wp-json\/wp\/v2\/posts\/142519","targetHints":{"allow":["GET"]}}],"collection":[{"href":"https:\/\/corrientesdetarde.com\/index.php\/wp-json\/wp\/v2\/posts"}],"about":[{"href":"https:\/\/corrientesdetarde.com\/index.php\/wp-json\/wp\/v2\/types\/post"}],"author":[{"embeddable":true,"href":"https:\/\/corrientesdetarde.com\/index.php\/wp-json\/wp\/v2\/users\/4"}],"replies":[{"embeddable":true,"href":"https:\/\/corrientesdetarde.com\/index.php\/wp-json\/wp\/v2\/comments?post=142519"}],"version-history":[{"count":1,"href":"https:\/\/corrientesdetarde.com\/index.php\/wp-json\/wp\/v2\/posts\/142519\/revisions"}],"predecessor-version":[{"id":142527,"href":"https:\/\/corrientesdetarde.com\/index.php\/wp-json\/wp\/v2\/posts\/142519\/revisions\/142527"}],"wp:featuredmedia":[{"embeddable":true,"href":"https:\/\/corrientesdetarde.com\/index.php\/wp-json\/wp\/v2\/media\/142520"}],"wp:attachment":[{"href":"https:\/\/corrientesdetarde.com\/index.php\/wp-json\/wp\/v2\/media?parent=142519"}],"wp:term":[{"taxonomy":"category","embeddable":true,"href":"https:\/\/corrientesdetarde.com\/index.php\/wp-json\/wp\/v2\/categories?post=142519"},{"taxonomy":"post_tag","embeddable":true,"href":"https:\/\/corrientesdetarde.com\/index.php\/wp-json\/wp\/v2\/tags?post=142519"}],"curies":[{"name":"wp","href":"https:\/\/api.w.org\/{rel}","templated":true}]}}