{"id":142528,"date":"2024-04-23T21:32:20","date_gmt":"2024-04-24T00:32:20","guid":{"rendered":"https:\/\/corrientesdetarde.com\/?p=142528"},"modified":"2024-04-23T21:32:33","modified_gmt":"2024-04-24T00:32:33","slug":"a-menos-de-dos-anos-de-su-llegada-a-manchester-julian-alvarez-dio-su-primera-entrevista-en-ingles","status":"publish","type":"post","link":"https:\/\/corrientesdetarde.com\/index.php\/deportes\/a-menos-de-dos-anos-de-su-llegada-a-manchester-julian-alvarez-dio-su-primera-entrevista-en-ingles\/","title":{"rendered":"A menos de dos a\u00f1os de su llegada a Manchester, Juli\u00e1n \u00c1lvarez dio su primera entrevista en ingl\u00e9s"},"content":{"rendered":"\n<p>El delantero argentino sorprendi\u00f3 con su alto nivel ling\u00fcistico.<\/p>\n\n\n\n<p>El delantero argentino del Manchester City,<strong>\u00a0Juli\u00e1n \u00c1lvarez, dio su primera entrevista en ingl\u00e9s<\/strong>\u00a0a menos de dos a\u00f1os de su llegada al pa\u00eds europeo.\u00a0<\/p>\n\n\n\n<p>En dialogo con un reconocido medio de Inglaterra, el atacante campe\u00f3n del mundo\u00a0<strong>mostr\u00f3 su avance con el idioma brit\u00e1nico y dio la nota sin una sola palabra en castellano<\/strong>. En la entrevista, el delantero analiz\u00f3 el\u00a0<strong>presente del equipo del espa\u00f1ol Josep Guardiola\u00a0tras su eliminaci\u00f3n de la UEFA Champions League a manos del Real Madrid.<\/strong><\/p>\n\n\n\n<figure class=\"wp-block-embed is-type-rich is-provider-twitter wp-block-embed-twitter\"><div class=\"wp-block-embed__wrapper\">\n<blockquote class=\"twitter-tweet\" data-width=\"550\" data-dnt=\"true\"><p lang=\"en\" dir=\"ltr\">Julian Alvarez speaks on the Premier League title race and Manchester City&#39;s Champions League exit \ud83d\udd0a <a href=\"https:\/\/t.co\/NYYlm2Nbvk\">pic.twitter.com\/NYYlm2Nbvk<\/a><\/p>&mdash; Sky Sports News (@SkySportsNews) <a href=\"https:\/\/twitter.com\/SkySportsNews\/status\/1782810038643372287?ref_src=twsrc%5Etfw\">April 23, 2024<\/a><\/blockquote><script async src=\"https:\/\/platform.twitter.com\/widgets.js\" charset=\"utf-8\"><\/script>\n<\/div><\/figure>\n\n\n\n<p><strong>\u201cFue algo dif\u00edcil (la derrota contra Real Madrid), pero tenemos que ser fuertes para ganar la Premier League y la FA Cup. Ganar cada partido que queda depende de nosotros\u201d,&nbsp;<\/strong>expres\u00f3 el ex jugador de River.&nbsp;<\/p>\n\n\n\n<p>Ni bien la nota fue publicada en las redes,&nbsp;<strong>los fan\u00e1ticos del f\u00fatbol quedaron sorprendidos con el alto nivel de ingl\u00e9s<\/strong>&nbsp;que desarroll\u00f3 el delantero argentino del Manchester City.&nbsp;<\/p>\n","protected":false},"excerpt":{"rendered":"<p>El delantero argentino sorprendi\u00f3 con su alto nivel ling\u00fcistico. El delantero argentino del Manchester City,\u00a0Juli\u00e1n \u00c1lvarez, dio su primera entrevista en ingl\u00e9s\u00a0a menos de dos a\u00f1os de su llegada al&hellip; <\/p>\n","protected":false},"author":4,"featured_media":142529,"comment_status":"closed","ping_status":"open","sticky":false,"template":"","format":"standard","meta":{"footnotes":""},"categories":[4],"tags":[],"class_list":["post-142528","post","type-post","status-publish","format-standard","has-post-thumbnail","hentry","category-deportes"],"_links":{"self":[{"href":"https:\/\/corrientesdetarde.com\/index.php\/wp-json\/wp\/v2\/posts\/142528","targetHints":{"allow":["GET"]}}],"collection":[{"href":"https:\/\/corrientesdetarde.com\/index.php\/wp-json\/wp\/v2\/posts"}],"about":[{"href":"https:\/\/corrientesdetarde.com\/index.php\/wp-json\/wp\/v2\/types\/post"}],"author":[{"embeddable":true,"href":"https:\/\/corrientesdetarde.com\/index.php\/wp-json\/wp\/v2\/users\/4"}],"replies":[{"embeddable":true,"href":"https:\/\/corrientesdetarde.com\/index.php\/wp-json\/wp\/v2\/comments?post=142528"}],"version-history":[{"count":1,"href":"https:\/\/corrientesdetarde.com\/index.php\/wp-json\/wp\/v2\/posts\/142528\/revisions"}],"predecessor-version":[{"id":142530,"href":"https:\/\/corrientesdetarde.com\/index.php\/wp-json\/wp\/v2\/posts\/142528\/revisions\/142530"}],"wp:featuredmedia":[{"embeddable":true,"href":"https:\/\/corrientesdetarde.com\/index.php\/wp-json\/wp\/v2\/media\/142529"}],"wp:attachment":[{"href":"https:\/\/corrientesdetarde.com\/index.php\/wp-json\/wp\/v2\/media?parent=142528"}],"wp:term":[{"taxonomy":"category","embeddable":true,"href":"https:\/\/corrientesdetarde.com\/index.php\/wp-json\/wp\/v2\/categories?post=142528"},{"taxonomy":"post_tag","embeddable":true,"href":"https:\/\/corrientesdetarde.com\/index.php\/wp-json\/wp\/v2\/tags?post=142528"}],"curies":[{"name":"wp","href":"https:\/\/api.w.org\/{rel}","templated":true}]}}