{"id":142531,"date":"2024-04-23T21:39:36","date_gmt":"2024-04-24T00:39:36","guid":{"rendered":"https:\/\/corrientesdetarde.com\/?p=142531"},"modified":"2024-04-23T21:39:48","modified_gmt":"2024-04-24T00:39:48","slug":"todo-confirmado-para-las-semifinales-de-la-copa-de-la-liga-cuando-juegan-boca-y-estudiantes","status":"publish","type":"post","link":"https:\/\/corrientesdetarde.com\/index.php\/deportes\/todo-confirmado-para-las-semifinales-de-la-copa-de-la-liga-cuando-juegan-boca-y-estudiantes\/","title":{"rendered":"Todo confirmado para las semifinales de la Copa de la Liga: cu\u00e1ndo juegan Boca y Estudiantes"},"content":{"rendered":"\n<p>La organizaci\u00f3n de la competencia dio a conocer sede, fecha y horario de este partido y el de V\u00e9lez y Argentinos Juniors.<\/p>\n\n\n\n<p><strong>La organizaci\u00f3n de la\u00a0Copa de la Liga\u00a0confirm\u00f3 fecha, sede y horario de las semifinales<\/strong>\u00a0del torneo.\u00a0<strong>Boca y Estudiantes de La Plata se enfrentar\u00e1n el martes a las 20 en C\u00f3rdoba\u00a0<\/strong>y, por el otro lado,\u00a0<strong>V\u00e9lez y Argentinos Juniors lo har\u00e1n en San Nicol\u00e1s el domingo a las 15.30.<\/strong><\/p>\n\n\n\n<p>Tras lo que fue los cuartos de final del pasado fin de semana con el Supercl\u00e1sico que gan\u00f3 el \u201cXeneize\u201d incluido,&nbsp;<strong>la organizaci\u00f3n del certamen dio a conocer las sedes, fechas y horarios de lo que ser\u00e1n las semifinales de la Copa de la Liga<\/strong>&nbsp;y el partido entre Boca y Estudiantes de La Plata<strong>&nbsp;se disputar\u00e1 en el estadio Mario Alberto Kempes de C\u00f3rdoba a las 20<\/strong><strong>&nbsp;<\/strong>del martes.<\/p>\n\n\n\n<p>Finalmente,&nbsp;<strong>a pesar de los pedidos de la dirigencia del \u201cPincha\u201d de jugarlo dentro del AMBA<\/strong>, el encuentro entre porte\u00f1os y platenses&nbsp;<strong>se disputar\u00e1 en C\u00f3rdoba, misma sede que alberg\u00f3 el Supercl\u00e1sico que Boca le gan\u00f3 3-2 el domingo a River<\/strong>. Adem\u00e1s, el \u201cXeneize\u201d logr\u00f3 imponer<strong>&nbsp;una fecha que le permita a los jugadores descansar tras lo que ser\u00e1 el partido del jueves ante Fortaleza de Brasil<\/strong>&nbsp;por la tercera fecha del Grupo D de la Copa CONMEBOL Sudamericana.<\/p>\n\n\n\n<p>En la otra parte del cuadro, el cl\u00e1sico entre&nbsp;<strong>V\u00e9lez Sarsfield y Argentinos Juniors tendr\u00e1 lugar el pr\u00f3ximo domingo en el estadio \u00danico de San Nicol\u00e1s desde las 15.30<\/strong>, pese a los&nbsp;<strong>insistentes gestiones de ambas directivas para que el partido se dispute en el AMBA<\/strong>.<\/p>\n\n\n\n<p><strong>Banfield, Hurac\u00e1n y Racing<\/strong>&nbsp;<strong>se hab\u00edan presentado como alternativas&nbsp;<\/strong>pero fue&nbsp;<strong>el estadio Libertadores de Am\u00e9rica &#8211; Ricardo Enrique Bochini de Independiente que hab\u00eda tomado fuerza<\/strong>&nbsp;para ser sede ya que<strong>&nbsp;la misma dirigencia del club de Avellaneda hab\u00eda ofrecido las instalaciones.<\/strong><\/p>\n\n\n\n<p>A pesar de esto, la AFA se inclin\u00f3 por llevar a los dos equipos de la Capital Federal a San Nicol\u00e1s.&nbsp;<strong>\u201cPor la gente y por la seguridad, hubiera preferido jugar m\u00e1s cerca, en alg\u00fan lugar del AMBA. Tambi\u00e9n hay que atender los compromisos de la Liga que intenta llevar el f\u00fatbol al interior\u201d<\/strong>&nbsp;declar\u00f3 Fabi\u00e1n Berlanga, presidente de V\u00e9lez.<\/p>\n\n\n\n<p>Adem\u00e1s, tambi\u00e9n se confirm\u00f3 que&nbsp;<strong>la final se disputar\u00e1 el domingo 5 de mayo a las 15.30 en el estadio \u00danico de Santiago del Estero<\/strong>&nbsp;que albergar\u00e1 su segunda definici\u00f3n consecutiva.<\/p>\n","protected":false},"excerpt":{"rendered":"<p>La organizaci\u00f3n de la competencia dio a conocer sede, fecha y horario de este partido y el de V\u00e9lez y Argentinos Juniors. La organizaci\u00f3n de la\u00a0Copa de la Liga\u00a0confirm\u00f3 fecha,&hellip; <\/p>\n","protected":false},"author":4,"featured_media":142532,"comment_status":"closed","ping_status":"open","sticky":false,"template":"","format":"standard","meta":{"footnotes":""},"categories":[4],"tags":[],"class_list":["post-142531","post","type-post","status-publish","format-standard","has-post-thumbnail","hentry","category-deportes"],"_links":{"self":[{"href":"https:\/\/corrientesdetarde.com\/index.php\/wp-json\/wp\/v2\/posts\/142531","targetHints":{"allow":["GET"]}}],"collection":[{"href":"https:\/\/corrientesdetarde.com\/index.php\/wp-json\/wp\/v2\/posts"}],"about":[{"href":"https:\/\/corrientesdetarde.com\/index.php\/wp-json\/wp\/v2\/types\/post"}],"author":[{"embeddable":true,"href":"https:\/\/corrientesdetarde.com\/index.php\/wp-json\/wp\/v2\/users\/4"}],"replies":[{"embeddable":true,"href":"https:\/\/corrientesdetarde.com\/index.php\/wp-json\/wp\/v2\/comments?post=142531"}],"version-history":[{"count":1,"href":"https:\/\/corrientesdetarde.com\/index.php\/wp-json\/wp\/v2\/posts\/142531\/revisions"}],"predecessor-version":[{"id":142533,"href":"https:\/\/corrientesdetarde.com\/index.php\/wp-json\/wp\/v2\/posts\/142531\/revisions\/142533"}],"wp:featuredmedia":[{"embeddable":true,"href":"https:\/\/corrientesdetarde.com\/index.php\/wp-json\/wp\/v2\/media\/142532"}],"wp:attachment":[{"href":"https:\/\/corrientesdetarde.com\/index.php\/wp-json\/wp\/v2\/media?parent=142531"}],"wp:term":[{"taxonomy":"category","embeddable":true,"href":"https:\/\/corrientesdetarde.com\/index.php\/wp-json\/wp\/v2\/categories?post=142531"},{"taxonomy":"post_tag","embeddable":true,"href":"https:\/\/corrientesdetarde.com\/index.php\/wp-json\/wp\/v2\/tags?post=142531"}],"curies":[{"name":"wp","href":"https:\/\/api.w.org\/{rel}","templated":true}]}}