{"id":142556,"date":"2024-04-23T23:08:34","date_gmt":"2024-04-24T02:08:34","guid":{"rendered":"https:\/\/corrientesdetarde.com\/?p=142556"},"modified":"2024-04-23T23:08:45","modified_gmt":"2024-04-24T02:08:45","slug":"gran-recesion-la-actividad-economica-cayo-32-en-febrero","status":"publish","type":"post","link":"https:\/\/corrientesdetarde.com\/index.php\/destacados\/gran-recesion-la-actividad-economica-cayo-32-en-febrero\/","title":{"rendered":"Gran recesi\u00f3n: la actividad econ\u00f3mica cay\u00f3 3,2% en febrero"},"content":{"rendered":"\n<p>La construcci\u00f3n y la industria experimentaron fuertes bajas.\u00a0<\/p>\n\n\n\n<p>La recesi\u00f3n ya se instal\u00f3 a pleno en la econom\u00eda argentina, de acuerdo con datos oficiales. Con los n\u00fameros de febrero, el estimador de actividad econ\u00f3mica (EMAE) registr\u00f3 una ca\u00edda de 3,2% en la comparaci\u00f3n interanual, seg\u00fan el INDEC. Con relaci\u00f3n a enero la baja fue del 0,2%.&nbsp;<\/p>\n\n\n\n<p>Ocho sectores claves registraron ca\u00eddas en la comparaci\u00f3n interanual, entre los que se destacan Construcci\u00f3n (-19,1%) e Intermediaci\u00f3n financiera (-12,1% ia).<\/p>\n\n\n\n<p>Junto con Industria manufacturera (-8,4%) y Comercio mayorista, minorista y reparaciones (-5,5%), aportan 3,1 puntos porcentuales a la ca\u00edda interanual del EMAE.<\/p>\n\n\n\n<p>En tanto, siete sectores de actividad que conforman el EMAE registraron subas en febrero, entre los que se destacan Pesca (+31,6% ia) y Explotaci\u00f3n de minas y canteras (11,7% ia).<\/p>\n\n\n\n<p>El sector Explotaci\u00f3n de minas y canteras (+11,7%) fue, a su vez, el de mayor incidencia positiva en la variaci\u00f3n interanual del EMAE, seguido por Agricultura, ganader\u00eda, caza y silvicultura (+5,5%).<\/p>\n\n\n\n<p>Emilio Prado, economista de la Fundaci\u00f3n Libertad y Progreso, dijo que la recesi\u00f3n &#8220;se profundiz\u00f3 en febrero dado que, en t\u00e9rminos desestacionalizados, el EMAE cay\u00f3 0,2% mensual y anot\u00f3 su cuarta ca\u00edda al hilo&#8221;.&nbsp;<\/p>\n\n\n\n<p>&#8220;El registro negativo del EMAE hab\u00eda sido adelantado por los datos de Construcci\u00f3n (ISAC) y producci\u00f3n industrial (IPI) nos dieron pistas de ello con sus respectivas bajas del 10,1% y 1,3% mensual. Sin embargo, los sectores vinculados a las exportaciones siguieron al alza, como la miner\u00eda (+11,7%ia) y agricultura, ganader\u00eda y pesca (+5,5%), y lograron contrarrestar parte de la retracci\u00f3n.&nbsp;<\/p>\n\n\n\n<p>Una relativa buena noticia es que la magnitud de la ca\u00edda se moder\u00f3 en relaci\u00f3n a enero (-1,2%) y diciembre (-2,8%). Esto nos indica que el piso de la contracci\u00f3n est\u00e1 cerca y, m\u00e1s espec\u00edficamente, posiblemente lo encontremos en abril&#8221;, indic\u00f3.<\/p>\n\n\n\n<p>Dijo que &#8220;se puede inferir otra ca\u00edda en marzo a partir de los datos provistos por algunos sectores como \u00edndice construya (-11,2% mensual) y la producci\u00f3n automotriz (-29,4%ia), al igual que la contracci\u00f3n real en la recaudaci\u00f3n del IVA DGI del 18%, indicio de una nueva ca\u00edda en el consumo&#8221;.<\/p>\n","protected":false},"excerpt":{"rendered":"<p>La construcci\u00f3n y la industria experimentaron fuertes bajas.\u00a0 La recesi\u00f3n ya se instal\u00f3 a pleno en la econom\u00eda argentina, de acuerdo con datos oficiales. Con los n\u00fameros de febrero, el&hellip; <\/p>\n","protected":false},"author":4,"featured_media":142557,"comment_status":"closed","ping_status":"open","sticky":false,"template":"","format":"standard","meta":{"footnotes":""},"categories":[26],"tags":[],"class_list":["post-142556","post","type-post","status-publish","format-standard","has-post-thumbnail","hentry","category-destacados"],"_links":{"self":[{"href":"https:\/\/corrientesdetarde.com\/index.php\/wp-json\/wp\/v2\/posts\/142556","targetHints":{"allow":["GET"]}}],"collection":[{"href":"https:\/\/corrientesdetarde.com\/index.php\/wp-json\/wp\/v2\/posts"}],"about":[{"href":"https:\/\/corrientesdetarde.com\/index.php\/wp-json\/wp\/v2\/types\/post"}],"author":[{"embeddable":true,"href":"https:\/\/corrientesdetarde.com\/index.php\/wp-json\/wp\/v2\/users\/4"}],"replies":[{"embeddable":true,"href":"https:\/\/corrientesdetarde.com\/index.php\/wp-json\/wp\/v2\/comments?post=142556"}],"version-history":[{"count":1,"href":"https:\/\/corrientesdetarde.com\/index.php\/wp-json\/wp\/v2\/posts\/142556\/revisions"}],"predecessor-version":[{"id":142558,"href":"https:\/\/corrientesdetarde.com\/index.php\/wp-json\/wp\/v2\/posts\/142556\/revisions\/142558"}],"wp:featuredmedia":[{"embeddable":true,"href":"https:\/\/corrientesdetarde.com\/index.php\/wp-json\/wp\/v2\/media\/142557"}],"wp:attachment":[{"href":"https:\/\/corrientesdetarde.com\/index.php\/wp-json\/wp\/v2\/media?parent=142556"}],"wp:term":[{"taxonomy":"category","embeddable":true,"href":"https:\/\/corrientesdetarde.com\/index.php\/wp-json\/wp\/v2\/categories?post=142556"},{"taxonomy":"post_tag","embeddable":true,"href":"https:\/\/corrientesdetarde.com\/index.php\/wp-json\/wp\/v2\/tags?post=142556"}],"curies":[{"name":"wp","href":"https:\/\/api.w.org\/{rel}","templated":true}]}}