{"id":14261,"date":"2022-10-25T09:59:29","date_gmt":"2022-10-25T12:59:29","guid":{"rendered":"https:\/\/corrientesdetarde.com\/?p=14261"},"modified":"2022-10-25T09:59:32","modified_gmt":"2022-10-25T12:59:32","slug":"anses-mas-de-medio-millon-de-personas-ya-accedieron-al-bono-de-45-000","status":"publish","type":"post","link":"https:\/\/corrientesdetarde.com\/index.php\/informacion-general\/anses-mas-de-medio-millon-de-personas-ya-accedieron-al-bono-de-45-000\/","title":{"rendered":"Anses: m\u00e1s de medio mill\u00f3n de personas ya accedieron al bono de $45.000"},"content":{"rendered":"\n<p>El pago iniciar\u00e1 a partir del 14 de noviembre, seg\u00fan terminaci\u00f3n de DNI.\u00a0<\/p>\n\n\n\n<p>Con atenci\u00f3n en las m\u00e1s de 400 oficinas de todo el pa\u00eds y operativos m\u00f3viles, se inici\u00f3 la inscripci\u00f3n presencial al Refuerzo Alimentario para personas que se encuentran en condiciones de extrema vulnerabilidad, no cuentan con ning\u00fan tipo de ingreso y no perciben ninguna asistencia del Estado.&nbsp;<\/p>\n\n\n\n<p>De esta manera, 514 mil personas ya lograron acceder al Refuerzo Alimentario y cobrar\u00e1n el primer pago a partir del 14 de noviembre, seg\u00fan terminaci\u00f3n de DNI.&nbsp;<\/p>\n\n\n\n<p>Se recuerda que la inscripci\u00f3n continuar\u00e1 en forma presencial en oficinas y en la web de ANSES durante las pr\u00f3ximas semanas.<\/p>\n\n\n\n<p>&#8220;Durante todo el d\u00eda en todas nuestras oficinas, nuestra web y con operativos m\u00f3viles en los lugares m\u00e1s alejados o con mayor cantidad de poblaci\u00f3n, pudimos atender a todas las personas que se inscribieron a este Refuerzo, que recordamos es para aquellos que no tienen nada, que no reciben ninguna asistencia del Estado y se encuentran en una situaci\u00f3n de extrema gravedad social y econ\u00f3mica&#8221;, se\u00f1al\u00f3 la directora ejecutiva del organismo, Fernanda Raverta.<\/p>\n\n\n\n<p>\u00bfQUI\u00c9NES PUEDEN INSCRIBIRSE AL REFUERZO ALIMENTARIO?<\/p>\n\n\n\n<p>Aquellas personas que no cuenten con trabajo registrado (en relaci\u00f3n de dependencia, aut\u00f3nomos, de casas particulares, monotributistas o monotributistas sociales)<\/p>\n\n\n\n<p>y que no se encuentren percibiendo:<\/p>\n\n\n\n<p>&#8211; Jubilaci\u00f3n y\/o pensi\u00f3n contributiva o no contributiva (tanto nacionales como provinciales y municipales)<br>&#8211; Prestaci\u00f3n por Desempleo<br>&#8211; Potenciar Trabajo<br>&#8211; Beca Progresar<br>&#8211; Asignaci\u00f3n por Embarazo para Protecci\u00f3n Social<br>&#8211; Programas Sociales (tanto nacionales como provinciales o municipales) o quienes tengan hijas y\/o hijos que perciban la Asignaci\u00f3n Universal por Hija e Hijo o Salario Familiar.<\/p>\n\n\n\n<p>Asimismo, para acceder al Refuerzo las personas que se inscriban deber\u00e1n completar una Declaraci\u00f3n Jurada, que ser\u00e1 evaluada junto a sus consumos, bienes y patrimonio.<\/p>\n\n\n\n<p>Es decir que no podr\u00e1n tener registrado a su nombre:<\/p>\n\n\n\n<p>-Rodados (automotores, motocicletas y otros) que tengan menos de 10 a\u00f1os de antig\u00fcedad<br>-Inmuebles<br>-Consumos de tarjeta de cr\u00e9dito y\/o d\u00e9bito en los \u00faltimos 2 meses<br>-Plazos fijos y bonos en los \u00faltimos 6 meses<br>-Acreditaci\u00f3n en cuentas bancarias en los \u00faltimos 2 meses<br>-Compras en moneda extranjera en los \u00faltimos 6 meses<br>-Obra social o prepaga<\/p>\n\n\n\n<p>En el caso de personas de 18 a 24 a\u00f1os, el control socioecon\u00f3mico se le realizar\u00e1 tambi\u00e9n a su grupo familiar.<\/p>\n","protected":false},"excerpt":{"rendered":"<p>El pago iniciar\u00e1 a partir del 14 de noviembre, seg\u00fan terminaci\u00f3n de DNI.\u00a0 Con atenci\u00f3n en las m\u00e1s de 400 oficinas de todo el pa\u00eds y operativos m\u00f3viles, se inici\u00f3&hellip; <\/p>\n","protected":false},"author":4,"featured_media":14265,"comment_status":"closed","ping_status":"open","sticky":false,"template":"","format":"standard","meta":{"footnotes":""},"categories":[1],"tags":[],"class_list":["post-14261","post","type-post","status-publish","format-standard","has-post-thumbnail","hentry","category-informacion-general"],"_links":{"self":[{"href":"https:\/\/corrientesdetarde.com\/index.php\/wp-json\/wp\/v2\/posts\/14261","targetHints":{"allow":["GET"]}}],"collection":[{"href":"https:\/\/corrientesdetarde.com\/index.php\/wp-json\/wp\/v2\/posts"}],"about":[{"href":"https:\/\/corrientesdetarde.com\/index.php\/wp-json\/wp\/v2\/types\/post"}],"author":[{"embeddable":true,"href":"https:\/\/corrientesdetarde.com\/index.php\/wp-json\/wp\/v2\/users\/4"}],"replies":[{"embeddable":true,"href":"https:\/\/corrientesdetarde.com\/index.php\/wp-json\/wp\/v2\/comments?post=14261"}],"version-history":[{"count":1,"href":"https:\/\/corrientesdetarde.com\/index.php\/wp-json\/wp\/v2\/posts\/14261\/revisions"}],"predecessor-version":[{"id":14266,"href":"https:\/\/corrientesdetarde.com\/index.php\/wp-json\/wp\/v2\/posts\/14261\/revisions\/14266"}],"wp:featuredmedia":[{"embeddable":true,"href":"https:\/\/corrientesdetarde.com\/index.php\/wp-json\/wp\/v2\/media\/14265"}],"wp:attachment":[{"href":"https:\/\/corrientesdetarde.com\/index.php\/wp-json\/wp\/v2\/media?parent=14261"}],"wp:term":[{"taxonomy":"category","embeddable":true,"href":"https:\/\/corrientesdetarde.com\/index.php\/wp-json\/wp\/v2\/categories?post=14261"},{"taxonomy":"post_tag","embeddable":true,"href":"https:\/\/corrientesdetarde.com\/index.php\/wp-json\/wp\/v2\/tags?post=14261"}],"curies":[{"name":"wp","href":"https:\/\/api.w.org\/{rel}","templated":true}]}}