{"id":14270,"date":"2022-10-25T10:02:55","date_gmt":"2022-10-25T13:02:55","guid":{"rendered":"https:\/\/corrientesdetarde.com\/?p=14270"},"modified":"2022-10-25T10:03:00","modified_gmt":"2022-10-25T13:03:00","slug":"los-peajes-de-chaco-levantan-sus-barreras-por-24-horas","status":"publish","type":"post","link":"https:\/\/corrientesdetarde.com\/index.php\/informacion-general\/los-peajes-de-chaco-levantan-sus-barreras-por-24-horas\/","title":{"rendered":"Los peajes de Chaco levantan sus barreras por 24 horas"},"content":{"rendered":"\n<p>Se trata de una medida nacional del Sindicato \u00danico de Trabajadores de Peajes y Afines (SUTPA) por un reclamo salarial.<\/p>\n\n\n\n<p>El Sindicato \u00danico de Trabajadores de Peajes y Afines (Sutpa) anunci\u00f3 que desde el comienzo de este martes 25 de octubre realizar\u00e1 un paro general con movilizaci\u00f3n al Ministerio de Trabajo, Empleo y Seguridad Social a las 12 del mediod\u00eda. Desde esta medianoche levantar\u00e1n las barreras de los peajes por 24 horas.<\/p>\n\n\n\n<p>&#8220;Dicha medida radica en la incertidumbre que tenemos acerca del futuro de nuestra actividad. La falta de planificaci\u00f3n por parte del Gobierno Nacional y Provincial en lo que respecta al funcionamiento y al futuro de las concesiones viales pone en riesgo el trabajo de 7.000 familias&#8221;, informaron en un comunicado.<\/p>\n\n\n\n<p>A su vez, se quejaron de &#8220;la imprevisi\u00f3n y ausencia de pol\u00edticas p\u00fablicas que cuiden las rutas y autopistas resienten la conservaci\u00f3n y el mantenimiento de las mismas, situaci\u00f3n que tambi\u00e9n atenta contra la seguridad de millones de usuarios&#8221;.<\/p>\n\n\n\n<p>En el comunicado denuncian que ante el atraso tarifario de las empresas del sector &#8220;se pretende cortar el hilo por lo m\u00e1s delgado: no pagar las obligaciones paritarias asumidas, oblig\u00e1ndonos a salir a la lucha frente a una inflaci\u00f3n imparable&#8221;. Adem\u00e1s, informan que los trabajadores pierden poder adquisitivo desde hace cinco a\u00f1os consecutivos.<\/p>\n\n\n\n<p>Por \u00faltimo, enumeraron que la actividad enfrenta el desaf\u00edo de mejorar sus sistemas de cobros, brindando nuevos servicios, profesionalizando y recalificando a los trabajador<\/p>\n","protected":false},"excerpt":{"rendered":"<p>Se trata de una medida nacional del Sindicato \u00danico de Trabajadores de Peajes y Afines (SUTPA) por un reclamo salarial. El Sindicato \u00danico de Trabajadores de Peajes y Afines (Sutpa)&hellip; <\/p>\n","protected":false},"author":4,"featured_media":14268,"comment_status":"closed","ping_status":"open","sticky":false,"template":"","format":"standard","meta":{"footnotes":""},"categories":[1],"tags":[],"class_list":["post-14270","post","type-post","status-publish","format-standard","has-post-thumbnail","hentry","category-informacion-general"],"_links":{"self":[{"href":"https:\/\/corrientesdetarde.com\/index.php\/wp-json\/wp\/v2\/posts\/14270","targetHints":{"allow":["GET"]}}],"collection":[{"href":"https:\/\/corrientesdetarde.com\/index.php\/wp-json\/wp\/v2\/posts"}],"about":[{"href":"https:\/\/corrientesdetarde.com\/index.php\/wp-json\/wp\/v2\/types\/post"}],"author":[{"embeddable":true,"href":"https:\/\/corrientesdetarde.com\/index.php\/wp-json\/wp\/v2\/users\/4"}],"replies":[{"embeddable":true,"href":"https:\/\/corrientesdetarde.com\/index.php\/wp-json\/wp\/v2\/comments?post=14270"}],"version-history":[{"count":1,"href":"https:\/\/corrientesdetarde.com\/index.php\/wp-json\/wp\/v2\/posts\/14270\/revisions"}],"predecessor-version":[{"id":14271,"href":"https:\/\/corrientesdetarde.com\/index.php\/wp-json\/wp\/v2\/posts\/14270\/revisions\/14271"}],"wp:featuredmedia":[{"embeddable":true,"href":"https:\/\/corrientesdetarde.com\/index.php\/wp-json\/wp\/v2\/media\/14268"}],"wp:attachment":[{"href":"https:\/\/corrientesdetarde.com\/index.php\/wp-json\/wp\/v2\/media?parent=14270"}],"wp:term":[{"taxonomy":"category","embeddable":true,"href":"https:\/\/corrientesdetarde.com\/index.php\/wp-json\/wp\/v2\/categories?post=14270"},{"taxonomy":"post_tag","embeddable":true,"href":"https:\/\/corrientesdetarde.com\/index.php\/wp-json\/wp\/v2\/tags?post=14270"}],"curies":[{"name":"wp","href":"https:\/\/api.w.org\/{rel}","templated":true}]}}