{"id":14280,"date":"2022-10-25T10:30:07","date_gmt":"2022-10-25T13:30:07","guid":{"rendered":"https:\/\/corrientesdetarde.com\/?p=14280"},"modified":"2022-10-25T10:30:10","modified_gmt":"2022-10-25T13:30:10","slug":"corrientes-siguen-los-controles-a-los-cortes-de-carne-con-precios-bonificados","status":"publish","type":"post","link":"https:\/\/corrientesdetarde.com\/index.php\/informacion-general\/corrientes-siguen-los-controles-a-los-cortes-de-carne-con-precios-bonificados\/","title":{"rendered":"Corrientes: siguen los controles a los cortes de carne con precios bonificados"},"content":{"rendered":"\n<p>La Subsecretar\u00eda de Comercio de Corrientes recorri\u00f3 los establecimientos adheridos para verificar los precios y la existencia de los productos. Manifestaron que los resultados de los controles &#8220;fueron desfavorables&#8221; y ya fueron comunicados al ente nacional encargado de realizar el seguimiento.<\/p>\n\n\n\n<p>El programa nacional de cortes de carne a precios bonificados sufri\u00f3 un aumento que fue comunicado por la Secretar\u00eda de Comercio de la Naci\u00f3n. En este escenario, el equipo de la Subsecretar\u00eda de Comercio del Gobierno de Corrientes activ\u00f3 nuevos controles en los hipermercados adheridos voluntariamente.&nbsp;<\/p>\n\n\n\n<p>Tras la recorrida, los funcionarios de la dependencia provincial resaltaron que los resultados fueron &#8220;desfavorables&#8221;:&nbsp;<\/p>\n\n\n\n<p>Un solo establecimiento pose\u00eda todos los cortes pero en una muy reducida cantidad de unidades que se ofrec\u00edan a la venta, que no superaba las diez unidades. Otro de los comercios no pose\u00eda ninguna unidad y en el tercero detectaron muy pocas unidades de solo dos cortes con calidad muy mala &#8220;solo grasa y hueso&#8221;, manifestaron.&nbsp;<\/p>\n\n\n\n<p>El subsecretario Juan Jos\u00e9 Ahmar record\u00f3 que &#8220;este programa nacional ha ido decayendo paulatinamente en su cumplimiento por parte de los pocos supermercados adheridos y su inserci\u00f3n en el mercado c\u00e1rnico de Corrientes es casi nula&#8221;.<\/p>\n\n\n\n<p>&nbsp;En tanto, el director de Defensa del Consumidor, Orlando Seniquiel, detall\u00f3 que los resultados de estos controles se informan a las \u00e1reas espec\u00edficas del gobierno nacional responsables del cumplimiento del programa citado debido a que se trata de acuerdos voluntarios de los comercios con el gobierno nacional.<\/p>\n","protected":false},"excerpt":{"rendered":"<p>La Subsecretar\u00eda de Comercio de Corrientes recorri\u00f3 los establecimientos adheridos para verificar los precios y la existencia de los productos. Manifestaron que los resultados de los controles &#8220;fueron desfavorables&#8221; y&hellip; <\/p>\n","protected":false},"author":4,"featured_media":14286,"comment_status":"closed","ping_status":"open","sticky":false,"template":"","format":"standard","meta":{"footnotes":""},"categories":[1],"tags":[],"class_list":["post-14280","post","type-post","status-publish","format-standard","has-post-thumbnail","hentry","category-informacion-general"],"_links":{"self":[{"href":"https:\/\/corrientesdetarde.com\/index.php\/wp-json\/wp\/v2\/posts\/14280","targetHints":{"allow":["GET"]}}],"collection":[{"href":"https:\/\/corrientesdetarde.com\/index.php\/wp-json\/wp\/v2\/posts"}],"about":[{"href":"https:\/\/corrientesdetarde.com\/index.php\/wp-json\/wp\/v2\/types\/post"}],"author":[{"embeddable":true,"href":"https:\/\/corrientesdetarde.com\/index.php\/wp-json\/wp\/v2\/users\/4"}],"replies":[{"embeddable":true,"href":"https:\/\/corrientesdetarde.com\/index.php\/wp-json\/wp\/v2\/comments?post=14280"}],"version-history":[{"count":1,"href":"https:\/\/corrientesdetarde.com\/index.php\/wp-json\/wp\/v2\/posts\/14280\/revisions"}],"predecessor-version":[{"id":14288,"href":"https:\/\/corrientesdetarde.com\/index.php\/wp-json\/wp\/v2\/posts\/14280\/revisions\/14288"}],"wp:featuredmedia":[{"embeddable":true,"href":"https:\/\/corrientesdetarde.com\/index.php\/wp-json\/wp\/v2\/media\/14286"}],"wp:attachment":[{"href":"https:\/\/corrientesdetarde.com\/index.php\/wp-json\/wp\/v2\/media?parent=14280"}],"wp:term":[{"taxonomy":"category","embeddable":true,"href":"https:\/\/corrientesdetarde.com\/index.php\/wp-json\/wp\/v2\/categories?post=14280"},{"taxonomy":"post_tag","embeddable":true,"href":"https:\/\/corrientesdetarde.com\/index.php\/wp-json\/wp\/v2\/tags?post=14280"}],"curies":[{"name":"wp","href":"https:\/\/api.w.org\/{rel}","templated":true}]}}