{"id":142816,"date":"2024-04-24T22:06:51","date_gmt":"2024-04-25T01:06:51","guid":{"rendered":"https:\/\/corrientesdetarde.com\/?p=142816"},"modified":"2024-04-24T22:07:03","modified_gmt":"2024-04-25T01:07:03","slug":"marcha-universitaria-usaron-una-causa-noble-para-defender-intereses-de-casta-afirmo-milei","status":"publish","type":"post","link":"https:\/\/corrientesdetarde.com\/index.php\/politica\/marcha-universitaria-usaron-una-causa-noble-para-defender-intereses-de-casta-afirmo-milei\/","title":{"rendered":"Marcha universitaria: &#8220;Usaron una causa noble para defender intereses de casta&#8221;, afirm\u00f3 Milei"},"content":{"rendered":"\n<p>El Presidente se opuso a las organizaciones que asistieron a la movilizaci\u00f3n del martes. &#8220;En ning\u00fan momento el gobierno insinu\u00f3 la intenci\u00f3n de cerrar las universidades nacionales&#8221;, aclar\u00f3.<\/p>\n\n\n\n<p>El presidente Javier Milei utiliz\u00f3 hoy sus redes sociales para cargar otra vez contra la \u201ccasta\u201d, en este caso por haber participado de una causa \u201cnoble\u201d como lo fue\u00a0marcha universitaria\u00a0realizada el martes.<\/p>\n\n\n\n<p>\u201cAyer vimos como, una vez m\u00e1s, aquellos que pretenden seguir viviendo a expensas de los argentinos se montaron sobre una mentira para promover sus intereses\u201d, expres\u00f3 en su cuenta de la red social X.<\/p>\n\n\n\n<p>\u201cAl margen de la discusi\u00f3n acerca de cu\u00e1l modelo de educaci\u00f3n superior es deseable para un pa\u00eds en el que seis de cada diez chicos menores de 14 a\u00f1os son pobres, los mismos vivos de siempre utilizaron el escudo de una causa que suena noble para defender sus intereses de casta\u201d, continu\u00f3.<\/p>\n\n\n\n<p>En ese sentido, aclar\u00f3: &#8220;En ning\u00fan momento el gobierno nacional insinu\u00f3 la intenci\u00f3n de cerrar las universidades nacionales&#8221;.<\/p>\n\n\n\n<p>Antes este mi\u00e9rcoles tambi\u00e9n se refiri\u00f3 al tema el vocero presidencial, Manuel Adorni, quien\u00a0admiti\u00f3 que la marcha fue &#8220;genuina&#8221;,\u00a0a pesar de que hubo &#8220;miembros del elenco estable&#8221; de las movilizaciones, en alusi\u00f3n a los dirigentes pol\u00edticos y sindicales que estuvieron presentes.<\/p>\n\n\n\n<p>En su conferencia de prensa en Casa Rosada, el funcionario nacional afirm\u00f3 que en el v\u00ednculo con las casas de altos estudios &#8220;queda mucho por delante todav\u00eda&#8221; e indic\u00f3 que &#8220;todav\u00eda no est\u00e1 confirmada&#8221; la reuni\u00f3n con los rectores, pero se\u00f1al\u00f3 que &#8220;esa reuni\u00f3n probablemente surja, exista y se d\u00e9&#8221;.<\/p>\n\n\n\n<p>&#8220;El canal di\u00e1logo est\u00e1 abierto&#8221;, destac\u00f3 Adorni, quien subray\u00f3 que &#8220;las universidades p\u00fablicas no se van a cerrar&#8221;.<\/p>\n\n\n\n<p>&#8220;No est\u00e1 eso en ninguna agenda nuestra. Somos los mayores defensores de la universidad p\u00fablica. La vamos a defender como nadie a la universidad p\u00fablica&#8221;, indic\u00f3.<\/p>\n","protected":false},"excerpt":{"rendered":"<p>El Presidente se opuso a las organizaciones que asistieron a la movilizaci\u00f3n del martes. &#8220;En ning\u00fan momento el gobierno insinu\u00f3 la intenci\u00f3n de cerrar las universidades nacionales&#8221;, aclar\u00f3. El presidente&hellip; <\/p>\n","protected":false},"author":4,"featured_media":142817,"comment_status":"closed","ping_status":"open","sticky":false,"template":"","format":"standard","meta":{"footnotes":""},"categories":[3],"tags":[],"class_list":["post-142816","post","type-post","status-publish","format-standard","has-post-thumbnail","hentry","category-politica"],"_links":{"self":[{"href":"https:\/\/corrientesdetarde.com\/index.php\/wp-json\/wp\/v2\/posts\/142816","targetHints":{"allow":["GET"]}}],"collection":[{"href":"https:\/\/corrientesdetarde.com\/index.php\/wp-json\/wp\/v2\/posts"}],"about":[{"href":"https:\/\/corrientesdetarde.com\/index.php\/wp-json\/wp\/v2\/types\/post"}],"author":[{"embeddable":true,"href":"https:\/\/corrientesdetarde.com\/index.php\/wp-json\/wp\/v2\/users\/4"}],"replies":[{"embeddable":true,"href":"https:\/\/corrientesdetarde.com\/index.php\/wp-json\/wp\/v2\/comments?post=142816"}],"version-history":[{"count":1,"href":"https:\/\/corrientesdetarde.com\/index.php\/wp-json\/wp\/v2\/posts\/142816\/revisions"}],"predecessor-version":[{"id":142818,"href":"https:\/\/corrientesdetarde.com\/index.php\/wp-json\/wp\/v2\/posts\/142816\/revisions\/142818"}],"wp:featuredmedia":[{"embeddable":true,"href":"https:\/\/corrientesdetarde.com\/index.php\/wp-json\/wp\/v2\/media\/142817"}],"wp:attachment":[{"href":"https:\/\/corrientesdetarde.com\/index.php\/wp-json\/wp\/v2\/media?parent=142816"}],"wp:term":[{"taxonomy":"category","embeddable":true,"href":"https:\/\/corrientesdetarde.com\/index.php\/wp-json\/wp\/v2\/categories?post=142816"},{"taxonomy":"post_tag","embeddable":true,"href":"https:\/\/corrientesdetarde.com\/index.php\/wp-json\/wp\/v2\/tags?post=142816"}],"curies":[{"name":"wp","href":"https:\/\/api.w.org\/{rel}","templated":true}]}}