{"id":142825,"date":"2024-04-24T22:42:16","date_gmt":"2024-04-25T01:42:16","guid":{"rendered":"https:\/\/corrientesdetarde.com\/?p=142825"},"modified":"2024-04-24T22:42:21","modified_gmt":"2024-04-25T01:42:21","slug":"valdes-inauguro-refacciones-en-un-jin-y-dos-escuelas-en-la-zona-rural-de-alvear-que-habian-sido-incendiadas-intencionalmente","status":"publish","type":"post","link":"https:\/\/corrientesdetarde.com\/index.php\/locales\/valdes-inauguro-refacciones-en-un-jin-y-dos-escuelas-en-la-zona-rural-de-alvear-que-habian-sido-incendiadas-intencionalmente\/","title":{"rendered":"Vald\u00e9s inaugur\u00f3 refacciones en un JIN y dos escuelas en la zona rural de Alvear, que hab\u00edan sido incendiadas intencionalmente"},"content":{"rendered":"\n<p>Este mi\u00e9rcoles por la tarde, el Gobernador Gustavo Vald\u00e9s, realiz\u00f3 la inauguraci\u00f3n de las refacciones de la Escuela N\u00b0 602 \u201cGendarmer\u00eda Nacional\u201d y del JIN N\u00b0 35 que se encuentra en el mismo predio de dicho colegio, en Paraje Pancho Cu\u00e9 de Alvear. Ambos establecimientos educativos hab\u00edan sido da\u00f1ados en un incendio intensional. En la oportunidad, el Mandatario tambi\u00e9n inaugur\u00f3, de forma simb\u00f3lica, las refacciones de la Escuela N\u00b0 674 &#8220;Alcides Cabral&#8221; de Paraje Palmitas.<\/p>\n\n\n\n<figure class=\"wp-block-image size-large\"><img loading=\"lazy\" decoding=\"async\" width=\"1024\" height=\"677\" src=\"https:\/\/corrientesdetarde.com\/wp-content\/uploads\/2024\/04\/image-665-1024x677.png\" alt=\"\" class=\"wp-image-142826\" srcset=\"https:\/\/corrientesdetarde.com\/wp-content\/uploads\/2024\/04\/image-665-1024x677.png 1024w, https:\/\/corrientesdetarde.com\/wp-content\/uploads\/2024\/04\/image-665-300x198.png 300w, https:\/\/corrientesdetarde.com\/wp-content\/uploads\/2024\/04\/image-665-768x507.png 768w, https:\/\/corrientesdetarde.com\/wp-content\/uploads\/2024\/04\/image-665.png 1359w\" sizes=\"auto, (max-width: 1024px) 100vw, 1024px\" \/><\/figure>\n\n\n\n<p>En el inicio del acto, el Gobernador Vald\u00e9s realiz\u00f3 el corte de cintas, y revel\u00f3 la placa inaugural de la flamante instituci\u00f3n, acompa\u00f1ado de la ministra de Educaci\u00f3n, Pr\u00e1xedes L\u00f3pez, del intendente de Alvear, Miguel \u00c1ngel Salvarredy, y de la rectora de la Escuela N\u00b0 602, Mariela Alfonso.<\/p>\n\n\n\n<p>En la ocasi\u00f3n, el Gobernador Gustavo Vald\u00e9s, expres\u00f3 que es una \u201cingrata sensaci\u00f3n de cuando un gobierno recibe una noticia de que una escuela fue quemada, qui\u00e9n puede ser tan animal de quemar una escuela\u201d, y agreg\u00f3 que sin embargo \u201ctodas las veces que quieren da\u00f1ar al sistema p\u00fablico nosotros, los correntinos, nos tenemos que levantar, y construir algo mucho mejor y superior\u201d.<\/p>\n\n\n\n<p>\u201cHoy estamos inaugurando dos escuelas y un jard\u00edn, pero por una cuesti\u00f3n de tiempo hacemos todo en un solo acto, las inauguraciones de las otras dos instituciones las hacemos de forma simb\u00f3lica\u201d, resalt\u00f3 en mandatario y resalt\u00f3 que \u201ca plata de hoy estamos invirtiendo 600 millones de pesos\u201d.<\/p>\n\n\n\n<p>Adem\u00e1s, Vald\u00e9s inst\u00f3 por \u201ctrabajar juntos\u201d de forma conjunta entre Provincia y Municipio, \u201cpara garantizar el conocimiento, y el acceso a la primaria, secundaria, y terciario\u201d, y en este contexto sobresali\u00f3 que \u201cpor este motivo exigimos que el Gobierno Nacional se haga cargo de la educaci\u00f3n p\u00fablica superior, y le de la oportunidad a la gente del interior de la Argentina, hasta a las personas de la \u00faltima zona rural, para que si tiene las capacidades, vocaci\u00f3n, y las habilidades, pueda a llegar a ser un profesional\u201d.<\/p>\n\n\n\n<p>\u201cNecesitamos seguir trabajando y fortaleciendo el sistema p\u00fablico educativo, que hizo grande a nuestra Argentina, y a nuestra Patria\u201d, remarc\u00f3 el mandatario y record\u00f3 que en el siglo pasado \u201csacamos cinco Premios Nobeles, y estuvimos al m\u00e1ximo con los rendimientos\u201d.<\/p>\n\n\n\n<p>\u201cLa principal obligaci\u00f3n que tiene el estado de la Provincia es invertir en Educaci\u00f3n, es lo \u00fanico que nos saca adelante en nivel de conocimiento que podemos tener como sociedad\u201d, uso de relieve Vald\u00e9s y agreg\u00f3 que \u201cpor eso decimos que esto no es un gasto sino una inversi\u00f3n, y es la mejor que podemos hacer en nosotros mismos\u201d.<\/p>\n\n\n\n<p>Asimismo, el gobernador sostuvo \u201clos argentinos tenemos riqueza espiritual, de conocimiento, cultural, porque eso define a una sociedad como evolucionada o perfeccionada\u201d, y tambi\u00e9n dijo que \u201chay tantos argentinos que triunfan en el mundo porque uno de nuestros pilares como sociedad es la educaci\u00f3n\u201d.<\/p>\n\n\n\n<p>\u201cEsto es para que nunca m\u00e1s los conocimientos abracen el fuego, y tengamos que llorar una escuela quemada, para que esa miseria no vuelva a ocurrir en nuestra sociedad, y hoy con gran alegr\u00eda les vengo a decir que estamos nuevamente caminando\u201d, finaliz\u00f3 el jefe del Ejecutivo Provincial.<\/p>\n\n\n\n<p><strong>Ministra Pr\u00e1xedes L\u00f3pez<\/strong><\/p>\n\n\n\n<p>Al dirigirse a los presentes la ministra de Educaci\u00f3n, Pr\u00e1xedes L\u00f3pez mostr\u00f3 su alegr\u00eda y dijo que \u201cla verdad al venir a inaugurar nuevamente esta instituci\u00f3n, es volver a poner una escuela desde la ceniza\u201d y prosigui\u00f3 expresando que \u201cuna escuela que cuando la tercera que nos pasa que estamos inaugurando dos escuelas nuevamente, la 602 y la 674 en las mismas condiciones que se hab\u00edan incendiado y que lo hicieron intencionalmente pero ah\u00ed estuvo el estado, estuvo la Subsecretar\u00eda de Infraestructura Escolar, trabajando intensamente para que esto se llevara a cabo\u201d.<\/p>\n\n\n\n<p>En este marco, la Ministra manifest\u00f3 que \u201cpero hubo una comunidad educativa que tambi\u00e9n respondi\u00f3, tuvimos que trasladarnos en distintos lugares, en el Jard\u00edn, en la casa de una mam\u00e1, en la Primaria de la Escuela Agrot\u00e9cnica, la Secundaria que ten\u00eda una extensi\u00f3n \u00e1ulica ac\u00e1, se tuvo que ir a la escuela Mamerto Acu\u00f1a\u201d luego agreg\u00f3 que \u201cestuvieron all\u00ed, acompa\u00f1\u00e1ndolos por supuesto con su lucha y con su pedido, pero el Estado, estuvo presente porque tenemos la seguridad como pol\u00edtica de estado, que la Educaci\u00f3n, Libre, Gratuita y P\u00fablica, es un eje primordial\u201d concluy\u00f3.<\/p>\n\n\n\n<p><strong>Intendente Salvarredy<\/strong><\/p>\n\n\n\n<p>Por su parte, el intendente de Alvear, Miguel \u00c1ngel Salvarredy sostuvo que \u201ceste es un d\u00eda especial\u201d que fue posible con la articulaci\u00f3n del trabajo del Municipio y el Gobierno provincial.<\/p>\n\n\n\n<p>Adem\u00e1s, detall\u00f3 que en la zona se cuenta con obras adecuadas como iluminaci\u00f3n y caminos que hacen a una mejora en la seguridad y la transitabilidad de los docentes y alumnos que asisten a la instituci\u00f3n.<\/p>\n\n\n\n<p><strong>Rectora de la Escuela N\u00b0 602<\/strong><\/p>\n\n\n\n<p>En tanto, la rectora de la Escuela 602, Mariela Alfonso hizo extensivo su agradecimiento por las obras ejecutadas ya que \u201cpermitir\u00e1 que cada ni\u00f1o cuente con educaci\u00f3n p\u00fablica y gratuita\u201d. \u201cLa educaci\u00f3n es futuro y desde ahora contamos con un espacio con todas las comodidades\u201d.<\/p>\n\n\n\n<p><strong>Entrega de materiales<\/strong><\/p>\n\n\n\n<p>De esta manera, el Ministerio de Educaci\u00f3n, a trav\u00e9s de la Direcci\u00f3n de Equipamiento, entreg\u00f3 a la Escuela N\u00b0 602 de 90 pupitres y 90 sillas, 2 armarios con puertas, 3 escritorios para docentes, y 2 estantes para libros. Asimismo, recibi\u00f3 30 sets de \u00fatiles, 30 mochilas, 1 bandera de izar de Argentina y 1 de Corrientes, 2 sets de limpieza, 30 pares de zapatillas de diferentes n\u00fameros, y 30 pares de botas de goma.<\/p>\n\n\n\n<p>Adem\u00e1s, el Gobierno provincial entreg\u00f3 30 tabis para el JIN N\u00b0 35.<\/p>\n\n\n\n<p><strong>Presencias<\/strong><\/p>\n\n\n\n<p>Acompa\u00f1aron al Gobernador Gustavo Vald\u00e9s, la ministra de Educaci\u00f3n, Pr\u00e1xedes L\u00f3pez; el intendente de Alvear, Miguel \u00c1ngel Salvarredy; la rectora de la Escuela 602, Mariela Alfonso; ministros del Ejecutivo Provincial, secretarios y subsecretarios provinciales y municipales, y dem\u00e1s autoridades.<\/p>\n","protected":false},"excerpt":{"rendered":"<p>Este mi\u00e9rcoles por la tarde, el Gobernador Gustavo Vald\u00e9s, realiz\u00f3 la inauguraci\u00f3n de las refacciones de la Escuela N\u00b0 602 \u201cGendarmer\u00eda Nacional\u201d y del JIN N\u00b0 35 que se encuentra&hellip; <\/p>\n","protected":false},"author":4,"featured_media":142827,"comment_status":"closed","ping_status":"open","sticky":false,"template":"","format":"standard","meta":{"footnotes":""},"categories":[8],"tags":[],"class_list":["post-142825","post","type-post","status-publish","format-standard","has-post-thumbnail","hentry","category-locales"],"_links":{"self":[{"href":"https:\/\/corrientesdetarde.com\/index.php\/wp-json\/wp\/v2\/posts\/142825","targetHints":{"allow":["GET"]}}],"collection":[{"href":"https:\/\/corrientesdetarde.com\/index.php\/wp-json\/wp\/v2\/posts"}],"about":[{"href":"https:\/\/corrientesdetarde.com\/index.php\/wp-json\/wp\/v2\/types\/post"}],"author":[{"embeddable":true,"href":"https:\/\/corrientesdetarde.com\/index.php\/wp-json\/wp\/v2\/users\/4"}],"replies":[{"embeddable":true,"href":"https:\/\/corrientesdetarde.com\/index.php\/wp-json\/wp\/v2\/comments?post=142825"}],"version-history":[{"count":1,"href":"https:\/\/corrientesdetarde.com\/index.php\/wp-json\/wp\/v2\/posts\/142825\/revisions"}],"predecessor-version":[{"id":142828,"href":"https:\/\/corrientesdetarde.com\/index.php\/wp-json\/wp\/v2\/posts\/142825\/revisions\/142828"}],"wp:featuredmedia":[{"embeddable":true,"href":"https:\/\/corrientesdetarde.com\/index.php\/wp-json\/wp\/v2\/media\/142827"}],"wp:attachment":[{"href":"https:\/\/corrientesdetarde.com\/index.php\/wp-json\/wp\/v2\/media?parent=142825"}],"wp:term":[{"taxonomy":"category","embeddable":true,"href":"https:\/\/corrientesdetarde.com\/index.php\/wp-json\/wp\/v2\/categories?post=142825"},{"taxonomy":"post_tag","embeddable":true,"href":"https:\/\/corrientesdetarde.com\/index.php\/wp-json\/wp\/v2\/tags?post=142825"}],"curies":[{"name":"wp","href":"https:\/\/api.w.org\/{rel}","templated":true}]}}