{"id":142861,"date":"2024-04-25T08:56:25","date_gmt":"2024-04-25T11:56:25","guid":{"rendered":"https:\/\/corrientesdetarde.com\/?p=142861"},"modified":"2024-04-25T09:01:05","modified_gmt":"2024-04-25T12:01:05","slug":"la-emergencia-dividio-las-aguas-en-la-oposicion-nacional","status":"publish","type":"post","link":"https:\/\/corrientesdetarde.com\/index.php\/destacados\/la-emergencia-dividio-las-aguas-en-la-oposicion-nacional\/","title":{"rendered":"La emergencia dividi\u00f3 las aguas en la oposici\u00f3n nacional"},"content":{"rendered":"\n<p>Por falta de quorum cay\u00f3 la sesi\u00f3n de la C\u00e1mara de Diputados de la Naci\u00f3n por la emergencia presupuestaria de las universidades p\u00fablicas. La lupa se puso por una nueva disidencia en el bloque radical donde hubo posiciones divididas, ya que un grupo decidi\u00f3 dar el debate y el otro no baj\u00f3 al recinto.<\/p>\n\n\n\n<p>Las diferencias de posiciones tambi\u00e9n se trasladaron a los integrantes de la bancada que representan a Corrientes. El expresidente del Concejo Deliberante de Capital y hombre cercano a Gustavo Vald\u00e9s, Alfredo Vallejos, no baj\u00f3 al recinto para dar quorum. En total fueron 14 los integrantes del bloque que acompa\u00f1aron la decisi\u00f3n del cordob\u00e9s Rodrigo De Loredo, entre ellos el correntino.<\/p>\n\n\n\n<p>La otra mitad conformada por el correntino Manuel Aguirre y el bonaerense Facundo Manes se presentaron para dar debate. No es la primera vez que los dos diputados radicales por Corrientes plantean posturas diferentes en el Congreso.<\/p>\n\n\n\n<p>El &#8220;colorado&#8221;, como se lo conoce al diputado nacional, particip\u00f3 el martes de la marcha federal universitaria en la Ciudad de Buenos Aires. &#8220;La educaci\u00f3n p\u00fablica no es de ning\u00fan Gobierno, es una de las herramientas m\u00e1s valiosas que tenemos los argentinos para construir un futuro mejor. Por eso marchamos y pedimos la actualizaci\u00f3n del presupuesto de forma inmediata&#8221;, expres\u00f3.<\/p>\n\n\n\n<p>De Loredo, por su parte, argument\u00f3 su ausencia en el recinto expresando que no permitir\u00eda presiones sobre la agenda, como as\u00ed en que no se pod\u00eda &#8220;resolver la cuesti\u00f3n central&#8221;. En la sesi\u00f3n especial que convoc\u00f3 Uni\u00f3n por la Patria no solo se solicit\u00f3 el financiamiento universitario, tambi\u00e9n se presentaron varios proyectos sobre restituci\u00f3n del Fondo Nacional de Incentivo Docente (FONID) y la f\u00f3rmula de movilidad jubilatoria.<\/p>\n\n\n\n<p>En total, fueron 125 los legisladores que quisieron sesionar y 132 los ausentes. As\u00ed, se registr\u00f3 la totalidad de las ausencias de los bloques de Innovaci\u00f3n Federal, el PRO y La Libertad Avanza, junto a sus aliados. Adem\u00e1s, faltaron sectores mayoritarios de la Uni\u00f3n C\u00edvica Radical y Hacemos Coalici\u00f3n Federal.<\/p>\n\n\n\n<h2 class=\"wp-block-heading\">&#8220;El Gobierno deber\u00eda tomar nota&#8221;<\/h2>\n\n\n\n<figure class=\"wp-block-image\"><img decoding=\"async\" src=\"https:\/\/www.diarioepoca.com\/content\/bucket\/0\/1359170w227h314c.jpg.webp\" alt=\"\"\/><\/figure>\n\n\n\n<p>El ministro secretario general de la Gobernaci\u00f3n, Carlos Vignolo, calific\u00f3 a la marcha federal universitaria como un claro mensaje de la ciudadan\u00eda, a\u00fan de quienes votaron a Javier Milei, en defensa de la educaci\u00f3n p\u00fablica.<\/p>\n\n\n\n<p>&#8220;La reacci\u00f3n de la comunidad universitaria es importante. Fue muy claro el documento planteando el tema de manera trasparente&#8221;, expres\u00f3 el funcionario en declaraciones a Radio Dos. &#8220;El Gobierno Nacional deber\u00eda tomar nota. Hay que saber priorizar&#8221;, resalt\u00f3.<\/p>\n\n\n\n<p>&#8220;Hay un llamado a reconducir, el Presidente no fue bien asesorado. Necesitamos que este proceso pueda salir hacia adelante&#8221;, a\u00f1adi\u00f3 el funcionario. Para Vignolo &#8220;el Presidente se equivoca en desfinanciar la educaci\u00f3n. Hay que buscar soluciones porque es lo mejor para el pa\u00eds&#8221;. Adem\u00e1s, se\u00f1al\u00f3 que la &#8220;gente que vot\u00f3 Milei march\u00f3&#8221;.<\/p>\n\n\n\n<h2 class=\"wp-block-heading\">&#8220;La sociedad empatiza con la universidad&#8221;<\/h2>\n\n\n\n<figure class=\"wp-block-image\"><img decoding=\"async\" src=\"https:\/\/www.diarioepoca.com\/content\/bucket\/1\/1359171w380h528c.jpg.webp\" alt=\"\"\/><\/figure>\n\n\n\n<p>&#8220;La sociedad empatiza con la universidad p\u00fablica, considera que muchas generaciones pasaron y demostraron el sentimiento de apoyo en las calles, visibilizar el problema, que es de todos&#8221;, expres\u00f3 el vicerrector de la Universidad Nacional del Nordeste (UNNE), Jos\u00e9 Basterra.<\/p>\n\n\n\n<p>&#8220;Esta fue una de las movilizaciones m\u00e1s importantes de la comunidad universitaria&#8221;, expres\u00f3 la autoridad de la casa de altos estudios, quien estuvo presente en la marcha &#8220;defendiendo su universidad p\u00fablica&#8221;, al igual que decanos y el rector de la UNNE, Omar Larroza.<\/p>\n\n\n\n<p>&#8220;Lo que se pide es di\u00e1logo, que las cuestiones no sean unilaterales&#8221;, expres\u00f3 en declaraciones a radio Sudamericana. &#8220;El Gobierno tiene que mirar el mensaje, lo dem\u00e1s es un poco medi\u00e1tico y parte de la pol\u00edtica&#8221;, dijo respecto de las cr\u00edticas porque dirigentes de la oposici\u00f3n a Milei participaron de la marcha.<\/p>\n","protected":false},"excerpt":{"rendered":"<p>Por falta de quorum cay\u00f3 la sesi\u00f3n de la C\u00e1mara de Diputados de la Naci\u00f3n por la emergencia presupuestaria de las universidades p\u00fablicas. La lupa se puso por una nueva&hellip; <\/p>\n","protected":false},"author":12,"featured_media":142884,"comment_status":"closed","ping_status":"open","sticky":false,"template":"","format":"standard","meta":{"footnotes":""},"categories":[26],"tags":[],"class_list":["post-142861","post","type-post","status-publish","format-standard","has-post-thumbnail","hentry","category-destacados"],"_links":{"self":[{"href":"https:\/\/corrientesdetarde.com\/index.php\/wp-json\/wp\/v2\/posts\/142861","targetHints":{"allow":["GET"]}}],"collection":[{"href":"https:\/\/corrientesdetarde.com\/index.php\/wp-json\/wp\/v2\/posts"}],"about":[{"href":"https:\/\/corrientesdetarde.com\/index.php\/wp-json\/wp\/v2\/types\/post"}],"author":[{"embeddable":true,"href":"https:\/\/corrientesdetarde.com\/index.php\/wp-json\/wp\/v2\/users\/12"}],"replies":[{"embeddable":true,"href":"https:\/\/corrientesdetarde.com\/index.php\/wp-json\/wp\/v2\/comments?post=142861"}],"version-history":[{"count":1,"href":"https:\/\/corrientesdetarde.com\/index.php\/wp-json\/wp\/v2\/posts\/142861\/revisions"}],"predecessor-version":[{"id":142883,"href":"https:\/\/corrientesdetarde.com\/index.php\/wp-json\/wp\/v2\/posts\/142861\/revisions\/142883"}],"wp:featuredmedia":[{"embeddable":true,"href":"https:\/\/corrientesdetarde.com\/index.php\/wp-json\/wp\/v2\/media\/142884"}],"wp:attachment":[{"href":"https:\/\/corrientesdetarde.com\/index.php\/wp-json\/wp\/v2\/media?parent=142861"}],"wp:term":[{"taxonomy":"category","embeddable":true,"href":"https:\/\/corrientesdetarde.com\/index.php\/wp-json\/wp\/v2\/categories?post=142861"},{"taxonomy":"post_tag","embeddable":true,"href":"https:\/\/corrientesdetarde.com\/index.php\/wp-json\/wp\/v2\/tags?post=142861"}],"curies":[{"name":"wp","href":"https:\/\/api.w.org\/{rel}","templated":true}]}}