{"id":142862,"date":"2024-04-25T08:51:08","date_gmt":"2024-04-25T11:51:08","guid":{"rendered":"https:\/\/corrientesdetarde.com\/?p=142862"},"modified":"2024-04-25T08:51:10","modified_gmt":"2024-04-25T11:51:10","slug":"auditan-a-potenciales-beneficiarios-locales-de-volver-al-trabajo","status":"publish","type":"post","link":"https:\/\/corrientesdetarde.com\/index.php\/sociales\/auditan-a-potenciales-beneficiarios-locales-de-volver-al-trabajo\/","title":{"rendered":"Auditan a potenciales beneficiarios locales de Volver al Trabajo"},"content":{"rendered":"\n<p>El Gobierno nacional concret\u00f3 la reconversi\u00f3n del programa Potenciar Trabajo a Volver al Trabajo, bajo la idea de eliminar intermediarios y concretar efectivamente la inserci\u00f3n de los inscriptos al mundo laboral. Desde Corrientes advirtieron que pueden darse casos en los que el traspaso no se concrete de forma autom\u00e1tica.<\/p>\n\n\n\n<p>El cambio fue confirmado a principios de a\u00f1o por la ministra de Capital Humano, Sandra Pettovello, quien revel\u00f3 que el Potenciar Trabajo ser\u00eda dividido en dos programas distintos: &#8220;Volver al Trabajo&#8221; y &#8220;Acompa\u00f1amiento Social&#8221;. Esta semana comenz\u00f3 la validaci\u00f3n del beneficio para el primer caso.<\/p>\n\n\n\n<p>Una alta fuente de las oficinas locales de la Administraci\u00f3n Nacional de la Seguridad Social (ANSES) asegur\u00f3, en comunicaci\u00f3n con diario \u00e9poca, que la migraci\u00f3n se dar\u00e1 de forma autom\u00e1tica para los beneficiarios correntinos del Potenciar Trabajo. Para eso hay que ingresar a www.portalempleo.gob<\/p>\n\n\n\n<p>ar y clickear en la opci\u00f3n &#8220;Reg\u00edstrate&#8221;, ingresando el n\u00famero de CUIL, para verificar la inclusi\u00f3n en el programa; si no te corresponde el beneficio, notificar\u00e1 con la leyenda &#8220;la persona con CUIL XXXXXXX no est\u00e1 incluida en el Programa Volver al Trabajo&#8221;.<\/p>\n\n\n\n<p>El traspaso autom\u00e1tico no significa que algunas personas puedan quedar afuera del programa nacional. Seg\u00fan coment\u00f3 la voz del organismo nacional se est\u00e1n llevando a cabo auditorias para comprobar que los beneficiarios actuales hayan realizado efectivamente una contraprestaci\u00f3n. &#8220;Algunas personas reciben llamadas telef\u00f3nicas y deben responder un cuestionario&#8221;, advirti\u00f3. A su vez se pide que sus datos se encuentren actualizados.<\/p>\n\n\n\n<p>Si el beneficiario est\u00e1 incluido, debe avanzar a la opci\u00f3n &#8220;registrar&#8221; e iniciar el tr\u00e1mite. Aparecer\u00e1 un formulario en el cual hay que cargar los datos personales donde pedir\u00e1n ingresar el n\u00famero de tr\u00e1mite del DNI y presionar &#8220;siguiente&#8221;. Luego pueden darse dos situaciones: en caso de estar anotado en el portal Empleo, la p\u00e1gina lo informar\u00e1 y se deber\u00e1 cargar la historia laboral. Y en caso de que nunca se haya inscripto, deber\u00e1n cargar sus datos en el formulario que aparece.<\/p>\n\n\n\n<p>Los beneficiarios del programa recibir\u00e1n una asignaci\u00f3n mensual fija no remunerativa de $78.000. Este pago se realizar\u00e1 a mes vencido. Adem\u00e1s, se abrir\u00e1n instancias de capacitaci\u00f3n online para los inscritos en la nueva plataforma.<\/p>\n\n\n\n<p>El programa Volver al Trabajo tendr\u00e1 vigencia, sujeto a la disponibilidad de cr\u00e9dito presupuestario, por un per\u00edodo de veinticuatro 24 meses a partir del 16 de abril de este a\u00f1o. En este plazo, cada uno de los beneficiarios deber\u00e1 desarrollar competencias sociolaborales para acceder a un empleo.<\/p>\n\n\n\n<h1 class=\"wp-block-heading\">Tarjeta Alimentar<\/h1>\n\n\n\n<p>El Ministerio de Capital Humano, a cargo de Sandra Pettovello, anunci\u00f3 ayer un nuevo aumento en la Tarjeta Alimentar, por el cual pagar\u00e1 hasta $99.531 en mayo de 2024.<\/p>\n\n\n\n<p>Seg\u00fan inform\u00f3 la cartera, los beneficiarios que tengan un solo hijo a cargo cobrar\u00e1n $48.125; quienes posean dos, $75.468; y aquellos que cuenten con tres o m\u00e1s, $99.531.<\/p>\n\n\n\n<p>Los aumentos representan un ajuste de 9,38% respecto de los valores actuales de $44.000, $69.000 o $91.000 de acuerdo a la cantidad de hijos. El aumento desde los $22.000, $34.500, y $45.500 de diciembre redondea el 118,75% en las prestaciones<\/p>\n","protected":false},"excerpt":{"rendered":"<p>El Gobierno nacional concret\u00f3 la reconversi\u00f3n del programa Potenciar Trabajo a Volver al Trabajo, bajo la idea de eliminar intermediarios y concretar efectivamente la inserci\u00f3n de los inscriptos al mundo&hellip; <\/p>\n","protected":false},"author":12,"featured_media":142881,"comment_status":"closed","ping_status":"open","sticky":false,"template":"","format":"standard","meta":{"footnotes":""},"categories":[26,17],"tags":[],"class_list":["post-142862","post","type-post","status-publish","format-standard","has-post-thumbnail","hentry","category-destacados","category-sociales"],"_links":{"self":[{"href":"https:\/\/corrientesdetarde.com\/index.php\/wp-json\/wp\/v2\/posts\/142862","targetHints":{"allow":["GET"]}}],"collection":[{"href":"https:\/\/corrientesdetarde.com\/index.php\/wp-json\/wp\/v2\/posts"}],"about":[{"href":"https:\/\/corrientesdetarde.com\/index.php\/wp-json\/wp\/v2\/types\/post"}],"author":[{"embeddable":true,"href":"https:\/\/corrientesdetarde.com\/index.php\/wp-json\/wp\/v2\/users\/12"}],"replies":[{"embeddable":true,"href":"https:\/\/corrientesdetarde.com\/index.php\/wp-json\/wp\/v2\/comments?post=142862"}],"version-history":[{"count":1,"href":"https:\/\/corrientesdetarde.com\/index.php\/wp-json\/wp\/v2\/posts\/142862\/revisions"}],"predecessor-version":[{"id":142882,"href":"https:\/\/corrientesdetarde.com\/index.php\/wp-json\/wp\/v2\/posts\/142862\/revisions\/142882"}],"wp:featuredmedia":[{"embeddable":true,"href":"https:\/\/corrientesdetarde.com\/index.php\/wp-json\/wp\/v2\/media\/142881"}],"wp:attachment":[{"href":"https:\/\/corrientesdetarde.com\/index.php\/wp-json\/wp\/v2\/media?parent=142862"}],"wp:term":[{"taxonomy":"category","embeddable":true,"href":"https:\/\/corrientesdetarde.com\/index.php\/wp-json\/wp\/v2\/categories?post=142862"},{"taxonomy":"post_tag","embeddable":true,"href":"https:\/\/corrientesdetarde.com\/index.php\/wp-json\/wp\/v2\/tags?post=142862"}],"curies":[{"name":"wp","href":"https:\/\/api.w.org\/{rel}","templated":true}]}}