{"id":142864,"date":"2024-04-25T08:33:15","date_gmt":"2024-04-25T11:33:15","guid":{"rendered":"https:\/\/corrientesdetarde.com\/?p=142864"},"modified":"2024-04-25T08:33:18","modified_gmt":"2024-04-25T11:33:18","slug":"a-un-mes-del-pacto-de-mayo-entre-gestiones-abiertas-y-leyes-en-debate","status":"publish","type":"post","link":"https:\/\/corrientesdetarde.com\/index.php\/destacados\/a-un-mes-del-pacto-de-mayo-entre-gestiones-abiertas-y-leyes-en-debate\/","title":{"rendered":"A un mes del Pacto de Mayo: entre gestiones abiertas y leyes en debate"},"content":{"rendered":"\n<p>Camino al Pacto de Mayo se ingresa a un trayecto de definiciones que tiene como principal moj\u00f3n la aprobaci\u00f3n de la reversionada Ley Bases, que ya est\u00e1 en el Congreso para el debate. La idea del oficialismo es que en los primeros d\u00edas del mes que viene ya se tenga al menos la media sanci\u00f3n en la C\u00e1mara de Diputados.<\/p>\n\n\n\n<p>El Pacto de Mayo fue convocado a firmar por el propio Javier Milei a los gobernadores en la fecha patria del 25 en la provincia de C\u00f3rdoba. Lo lanz\u00f3 en su discurso del 1 de marzo pronunciado en la asamblea de inauguraci\u00f3n del per\u00edodo ordinario del Legislativo nacional.<\/p>\n\n\n\n<p>A partir de ese momento se abri\u00f3 un camino de negociaciones que a\u00fan est\u00e1 abierto y que ya insumi\u00f3 un par de cap\u00edtulos con mandatarios provinciales y presidentes de bloque dialoguistas.<\/p>\n\n\n\n<p>En Corrientes, al momento de referirse a la cuesti\u00f3n, el gobernador, Gustavo Vald\u00e9s, hab\u00eda anticipado que acompa\u00f1ar\u00e1, con los legisladores nacionales de la UCR, las dos iniciativas pol\u00edticas que impulsa como trascendentales el propio presidente Milei.<\/p>\n\n\n\n<p>&#8220;Vamos a acompa\u00f1ar todo lo que haga falta para el cambio en el pa\u00eds&#8221;, sostuvo a principios de abril el Mandatario provincial en di\u00e1logo con la prensa. Adem\u00e1s, dijo que lo har\u00e1n a pesar de que Corrientes es una de las provincias a las que el Presidente dej\u00f3 de enviar recursos para las cajas de jubilaci\u00f3n y pensi\u00f3n.<\/p>\n\n\n\n<h2 class=\"wp-block-heading\">\u00bfDe qu\u00e9 se trata?<\/h2>\n\n\n\n<p>Milei anunci\u00f3 la necesidad de un nuevo pacto fundacional para Argentina, seg\u00fan lo plante\u00f3. Para tal fin se definieron diez principios y convoc\u00f3 a los gobernadores de las 23 provincias y a la Ciudad de Buenos Aires.<\/p>\n\n\n\n<figure class=\"wp-block-image is-resized\"><img decoding=\"async\" src=\"https:\/\/www.diarioepoca.com\/content\/bucket\/1\/1359161w380h193c.jpg.webp\" alt=\"\" style=\"width:713px;height:auto\"\/><\/figure>\n\n\n\n<p>En busca de los consensos necesarios, Milei encomend\u00f3 en especial al ministro del Interior, Guillermo Francos, (como el de Econom\u00eda y el jefe de Gabinete), como un canal del oficialismo de negociaciones y acuerdo con los jefes territoriales.<\/p>\n\n\n\n<p>El Jefe de Estado convoc\u00f3, adem\u00e1s de los gobernadores, a expresidentes y l\u00edderes de partidos pol\u00edticos a &#8220;deponer intereses&#8221; y que se firme &#8220;un nuevo contrato social&#8221; con diez pol\u00edticas de Estado, que estar\u00e1 sujeto a la aprobaci\u00f3n de la Ley Bases y a un nuevo Pacto Fiscal.<\/p>\n\n\n\n<p>La propuesta de Milei tiene algunos condicionantes para las provincias. Dijo que &#8220;toda la pol\u00edtica est\u00e1 convocada a acompa\u00f1arnos&#8221;, y que &#8220;no nos importa qui\u00e9nes sean, de d\u00f3nde vengan, ni qu\u00e9 de ideas hayan defendido&#8221;.<\/p>\n\n\n\n<p>El Pacto de Mayo que propone Javier Milei tiene, hasta ahora, diez puntos b\u00e1sicos:<\/p>\n\n\n\n<p>1. La inviolabilidad de la propiedad privada.<\/p>\n\n\n\n<p>2. El equilibrio fiscal innegociable.<\/p>\n\n\n\n<p>3. La reducci\u00f3n del gasto p\u00fablico a niveles hist\u00f3ricos, en torno al 25% del Producto Bruto Interno.<\/p>\n\n\n\n<p>4. Una reforma tributaria que reduzca la presi\u00f3n impositiva, simplifique la vida de los argentinos y promueva el comercio.<\/p>\n\n\n\n<p>5. La rediscusi\u00f3n de la coparticipaci\u00f3n federal de impuestos para terminar para siempre con el modelo extorsivo actual.<\/p>\n\n\n\n<p>6. Un compromiso de las provincias de avanzar en la explotaci\u00f3n de los recursos naturales del pa\u00eds.<\/p>\n\n\n\n<p>7. Una reforma laboral moderna que promueva el trabajo formal.<\/p>\n\n\n\n<p>8. Una reforma previsional que le d\u00e9 sustentabilidad al sistema, respete a quienes aportaron y permita, a quienes prefieran, suscribirse a un sistema privado de jubilaci\u00f3n.<\/p>\n\n\n\n<p>9. Una reforma pol\u00edtica estructural que modifique el sistema actual y vuelva a alinear los intereses de los representantes y los representados.<\/p>\n\n\n\n<p>10. La apertura al comercio internacional, de manera que la Argentina vuelva a ser una protagonista del mercado global.<\/p>\n\n\n\n<figure class=\"wp-block-image\"><img decoding=\"async\" src=\"https:\/\/www.diarioepoca.com\/content\/bucket\/1\/1359191w790h1118c.jpg.webp\" alt=\"\"\/><\/figure>\n\n\n\n<h2 class=\"wp-block-heading\">Tiempo de definiciones<\/h2>\n\n\n\n<p>Las \u00faltimas informaciones dan cuenta de que mientras define cu\u00e1ndo convocar el plenario de comisiones para empezar la discusi\u00f3n en Diputados de la Ley Bases, el Gobierno tiene la mira puesta en el Pacto de Mayo. Aunque sabe que cualquier definici\u00f3n de los gobernadores sobre sus eventuales adhesiones est\u00e1 supeditada a la nueva Ley \u00d3mnibus, desde el entorno de Milei admitieron que podr\u00edan haber restricciones en su contenido de gesti\u00f3n econ\u00f3mica.<\/p>\n","protected":false},"excerpt":{"rendered":"<p>Camino al Pacto de Mayo se ingresa a un trayecto de definiciones que tiene como principal moj\u00f3n la aprobaci\u00f3n de la reversionada Ley Bases, que ya est\u00e1 en el Congreso&hellip; <\/p>\n","protected":false},"author":12,"featured_media":142875,"comment_status":"closed","ping_status":"open","sticky":false,"template":"","format":"standard","meta":{"footnotes":""},"categories":[26],"tags":[],"class_list":["post-142864","post","type-post","status-publish","format-standard","has-post-thumbnail","hentry","category-destacados"],"_links":{"self":[{"href":"https:\/\/corrientesdetarde.com\/index.php\/wp-json\/wp\/v2\/posts\/142864","targetHints":{"allow":["GET"]}}],"collection":[{"href":"https:\/\/corrientesdetarde.com\/index.php\/wp-json\/wp\/v2\/posts"}],"about":[{"href":"https:\/\/corrientesdetarde.com\/index.php\/wp-json\/wp\/v2\/types\/post"}],"author":[{"embeddable":true,"href":"https:\/\/corrientesdetarde.com\/index.php\/wp-json\/wp\/v2\/users\/12"}],"replies":[{"embeddable":true,"href":"https:\/\/corrientesdetarde.com\/index.php\/wp-json\/wp\/v2\/comments?post=142864"}],"version-history":[{"count":1,"href":"https:\/\/corrientesdetarde.com\/index.php\/wp-json\/wp\/v2\/posts\/142864\/revisions"}],"predecessor-version":[{"id":142876,"href":"https:\/\/corrientesdetarde.com\/index.php\/wp-json\/wp\/v2\/posts\/142864\/revisions\/142876"}],"wp:featuredmedia":[{"embeddable":true,"href":"https:\/\/corrientesdetarde.com\/index.php\/wp-json\/wp\/v2\/media\/142875"}],"wp:attachment":[{"href":"https:\/\/corrientesdetarde.com\/index.php\/wp-json\/wp\/v2\/media?parent=142864"}],"wp:term":[{"taxonomy":"category","embeddable":true,"href":"https:\/\/corrientesdetarde.com\/index.php\/wp-json\/wp\/v2\/categories?post=142864"},{"taxonomy":"post_tag","embeddable":true,"href":"https:\/\/corrientesdetarde.com\/index.php\/wp-json\/wp\/v2\/tags?post=142864"}],"curies":[{"name":"wp","href":"https:\/\/api.w.org\/{rel}","templated":true}]}}