{"id":142865,"date":"2024-04-25T08:30:59","date_gmt":"2024-04-25T11:30:59","guid":{"rendered":"https:\/\/corrientesdetarde.com\/?p=142865"},"modified":"2024-04-25T11:23:23","modified_gmt":"2024-04-25T14:23:23","slug":"ya-son-mas-de-40-las-familias-evacuadas-en-san-luis-del-palmar","status":"publish","type":"post","link":"https:\/\/corrientesdetarde.com\/index.php\/locales\/ya-son-mas-de-40-las-familias-evacuadas-en-san-luis-del-palmar\/","title":{"rendered":"Ya son m\u00e1s de 40 las familias evacuadas en San Luis del Palmar\u00a0"},"content":{"rendered":"\n<p>El intendente de San Luis del Palmar, Nestor Buj\u00e1n, inform\u00f3 que el agua del Riachuelo logr\u00f3 estacionarse a la altura de 3,88 metros al menos hasta horas de la tarde de ayer mi\u00e9rcoles. &#8220;Esto es algo muy importante&#8221;, valor\u00f3 el jefe comunal de la localidad situada a 30 kil\u00f3metros de la capital provincial.<\/p>\n\n\n\n<p>A su vez, cont\u00f3 que hasta la fecha hay entre 40 y 43 familias que est\u00e1n siendo asistidas en el polideportivo Mbay\u00e1 Soto. Adem\u00e1s, coment\u00f3 que los vecinos de la cuarta secci\u00f3n se encuentran aislados, ya que la crecida del&nbsp; r\u00edo Empedrado provoc\u00f3 qie el agua traspase los caminos y no permitan la &nbsp;transitabilidad de los vecinos de la zona.&nbsp;<\/p>\n\n\n\n<p>Sobre cu\u00e1ndo podr\u00eda normalizarse la situaci\u00f3n para los afectados, Buj\u00e1n estim\u00f3 que &#8220;en una semana podr\u00edan estar volviendo a la normalidad&#8221;, aunque remarc\u00f3 que &#8220;el clima no es muy alentador pero ojal\u00e1 sea cambiando sobre de que se prev\u00e9 m\u00e1s lluvias&#8221;.&nbsp;<\/p>\n","protected":false},"excerpt":{"rendered":"<p>El intendente de San Luis del Palmar, Nestor Buj\u00e1n, inform\u00f3 que el agua del Riachuelo logr\u00f3 estacionarse a la altura de 3,88 metros al menos hasta horas de la tarde&hellip; <\/p>\n","protected":false},"author":12,"featured_media":142873,"comment_status":"closed","ping_status":"open","sticky":false,"template":"","format":"standard","meta":{"footnotes":""},"categories":[1658,8],"tags":[],"class_list":["post-142865","post","type-post","status-publish","format-standard","has-post-thumbnail","hentry","category-interior","category-locales"],"_links":{"self":[{"href":"https:\/\/corrientesdetarde.com\/index.php\/wp-json\/wp\/v2\/posts\/142865","targetHints":{"allow":["GET"]}}],"collection":[{"href":"https:\/\/corrientesdetarde.com\/index.php\/wp-json\/wp\/v2\/posts"}],"about":[{"href":"https:\/\/corrientesdetarde.com\/index.php\/wp-json\/wp\/v2\/types\/post"}],"author":[{"embeddable":true,"href":"https:\/\/corrientesdetarde.com\/index.php\/wp-json\/wp\/v2\/users\/12"}],"replies":[{"embeddable":true,"href":"https:\/\/corrientesdetarde.com\/index.php\/wp-json\/wp\/v2\/comments?post=142865"}],"version-history":[{"count":1,"href":"https:\/\/corrientesdetarde.com\/index.php\/wp-json\/wp\/v2\/posts\/142865\/revisions"}],"predecessor-version":[{"id":142874,"href":"https:\/\/corrientesdetarde.com\/index.php\/wp-json\/wp\/v2\/posts\/142865\/revisions\/142874"}],"wp:featuredmedia":[{"embeddable":true,"href":"https:\/\/corrientesdetarde.com\/index.php\/wp-json\/wp\/v2\/media\/142873"}],"wp:attachment":[{"href":"https:\/\/corrientesdetarde.com\/index.php\/wp-json\/wp\/v2\/media?parent=142865"}],"wp:term":[{"taxonomy":"category","embeddable":true,"href":"https:\/\/corrientesdetarde.com\/index.php\/wp-json\/wp\/v2\/categories?post=142865"},{"taxonomy":"post_tag","embeddable":true,"href":"https:\/\/corrientesdetarde.com\/index.php\/wp-json\/wp\/v2\/tags?post=142865"}],"curies":[{"name":"wp","href":"https:\/\/api.w.org\/{rel}","templated":true}]}}