{"id":142893,"date":"2024-04-25T09:53:09","date_gmt":"2024-04-25T12:53:09","guid":{"rendered":"https:\/\/corrientesdetarde.com\/?p=142893"},"modified":"2024-04-25T09:53:21","modified_gmt":"2024-04-25T12:53:21","slug":"horror-en-un-hospital-de-brasil-un-hombre-baleo-y-decapito-a-un-excompanero-de-trabajo","status":"publish","type":"post","link":"https:\/\/corrientesdetarde.com\/index.php\/internacionales\/horror-en-un-hospital-de-brasil-un-hombre-baleo-y-decapito-a-un-excompanero-de-trabajo\/","title":{"rendered":"Horror en un hospital de Brasil: un hombre bale\u00f3 y decapit\u00f3 a un excompa\u00f1ero de trabajo"},"content":{"rendered":"\n<p>Momentos de terror se vivieron en un hospital de la ciudad de&nbsp;<strong>Fortaleza<\/strong>, en Brasil, cuando un extrabajador del lugar&nbsp;<strong>asesin\u00f3 a tiros y luego decapit\u00f3 a un compa\u00f1ero&nbsp;<\/strong>de trabajo. El cuerpo de la v\u00edctima,&nbsp;<strong>Francisco Mizael Souza da Silva<\/strong>, que trabajaba en la cocina de hospital, qued\u00f3 tendido en la cafeter\u00eda. Otra persona result\u00f3 herida en el ataque.<\/p>\n\n\n\n<p>El presunto asesino,&nbsp;<strong>Francisco Aur\u00e9lio<\/strong>, huy\u00f3 tras el crimen y fue detenido un d\u00eda despu\u00e9s. Seg\u00fan las investigaciones preliminares, Aur\u00e9lio estaba en pareja con otra empleada del centro m\u00e9dico y el crimen<strong>&nbsp;habr\u00eda sido motivado por<\/strong>&nbsp;<strong>celos<\/strong>. \u201c\u00c9l ya hab\u00eda estado mostrando actitudes de persona celosa y ya hab\u00eda dado se\u00f1ales de que pod\u00eda hacer algo similar a eso\u201d, explic\u00f3 el secretario de Seguridad P\u00fablica del estado de Cear\u00e1, Samuel El\u00e2nio.<\/p>\n\n\n\n<p>El sospechoso hab\u00eda sido despedido en 2022, pero logr\u00f3 ingresar sin problemas a trav\u00e9s del sistema de reconocimiento facial, del que no hab\u00eda sido eliminado.<\/p>\n\n\n\n<figure class=\"wp-block-image\"><img decoding=\"async\" src=\"https:\/\/tn.com.ar\/resizer\/0qiIHqOzOG1CvctE7rBqX4sUldo=\/767x0\/smart\/filters:format(webp)\/cloudfront-us-east-1.images.arcpublishing.com\/artear\/V6GEU2AEKFGG3CQ4OL7AKOPIBA.png\" alt=\"El crimen ocurri\u00f3 en el Hospital IJF de Fortaleza. (Foto: gentileza g1).\"\/><figcaption class=\"wp-element-caption\">El crimen ocurri\u00f3 en el Hospital IJF de Fortaleza. (Foto: gentileza g1).<\/figcaption><\/figure>\n\n\n\n<p>Seg\u00fan indic\u00f3 El\u00e2nio al sitio&nbsp;<em>g1<\/em>, la v\u00edctima&nbsp;<strong>recibi\u00f3 cuatro disparos y luego fue decapitada<\/strong>. Im\u00e1genes que circulan por las redes muestran el cuerpo de Souza da Silva tendido en el piso, con su cabeza al lado, junto a un cuchillo. Testigos indicaron que se escucharon varios disparos. Otro trabajador del lugar recibi\u00f3 un tiro y fue operado con \u00e9xito.<\/p>\n\n\n\n<p><strong>Souza da Silva ten\u00eda un hijo de seis a\u00f1os y su esposa estaba embarazada<\/strong>. Su hermana dijo que la familia no estaba al tanto de que haya recibido amenazas. \u201cMi hermano no ten\u00eda problemas con nadie y era muy feliz. Le gustaba charlar con todos\u201d, sostuvo Francisca Esc\u00f3ssia.<\/p>\n\n\n\n<p>La mujer tambi\u00e9n critic\u00f3 a las autoridades del hospital y del gobierno local: \u201cNadie vino hacia nosotros. Solo dijeron que la polic\u00eda lo estaba resolviendo y que deb\u00edamos esperar. Queremos justicia para mi hermano\u201d.<\/p>\n\n\n\n<figure class=\"wp-block-image\"><img decoding=\"async\" src=\"https:\/\/tn.com.ar\/resizer\/u5IvWu5nWu8r76vUv44YbFfqCk0=\/767x0\/smart\/filters:format(webp)\/cloudfront-us-east-1.images.arcpublishing.com\/artear\/AJRQDZSIDBCITAQKOOEAPXBZQI.png\" alt=\"La familia de Francisco Mizael Souza da Silva pide justicia. (Foto: gentileza g1).\"\/><figcaption class=\"wp-element-caption\">La familia de Francisco Mizael Souza da Silva pide justicia. (Foto: gentileza g1).<\/figcaption><\/figure>\n\n\n\n<p>Indignada, la mujer recalc\u00f3 que su hermano solo \u201cestaba trabajando, no estaba haciendo nada malo\u201d. \u201cLlevaba 10 a\u00f1os trabajando aqu\u00ed. Todav\u00eda tenemos muchas preguntas\u201d, declar\u00f3 Francisca.<\/p>\n\n\n\n<p>Tambi\u00e9n dijo que<strong>&nbsp;la familia se enter\u00f3 del crimen a trav\u00e9s de las redes sociales<\/strong>. \u201cFue la peor escena que puedas imaginar\u201d, agreg\u00f3.<\/p>\n\n\n\n<p>Tras la detenci\u00f3n de Aur\u00e9lio, el gobernador de Cear\u00e1, Elmano de Freitas, afirm\u00f3 que \u201cahora responder\u00e1 ante los tribunales por el b\u00e1rbaro crimen que cometi\u00f3\u201d.<\/p>\n","protected":false},"excerpt":{"rendered":"<p>Momentos de terror se vivieron en un hospital de la ciudad de&nbsp;Fortaleza, en Brasil, cuando un extrabajador del lugar&nbsp;asesin\u00f3 a tiros y luego decapit\u00f3 a un compa\u00f1ero&nbsp;de trabajo. El cuerpo&hellip; <\/p>\n","protected":false},"author":12,"featured_media":142900,"comment_status":"closed","ping_status":"open","sticky":false,"template":"","format":"standard","meta":{"footnotes":""},"categories":[11],"tags":[],"class_list":["post-142893","post","type-post","status-publish","format-standard","has-post-thumbnail","hentry","category-internacionales"],"_links":{"self":[{"href":"https:\/\/corrientesdetarde.com\/index.php\/wp-json\/wp\/v2\/posts\/142893","targetHints":{"allow":["GET"]}}],"collection":[{"href":"https:\/\/corrientesdetarde.com\/index.php\/wp-json\/wp\/v2\/posts"}],"about":[{"href":"https:\/\/corrientesdetarde.com\/index.php\/wp-json\/wp\/v2\/types\/post"}],"author":[{"embeddable":true,"href":"https:\/\/corrientesdetarde.com\/index.php\/wp-json\/wp\/v2\/users\/12"}],"replies":[{"embeddable":true,"href":"https:\/\/corrientesdetarde.com\/index.php\/wp-json\/wp\/v2\/comments?post=142893"}],"version-history":[{"count":1,"href":"https:\/\/corrientesdetarde.com\/index.php\/wp-json\/wp\/v2\/posts\/142893\/revisions"}],"predecessor-version":[{"id":142901,"href":"https:\/\/corrientesdetarde.com\/index.php\/wp-json\/wp\/v2\/posts\/142893\/revisions\/142901"}],"wp:featuredmedia":[{"embeddable":true,"href":"https:\/\/corrientesdetarde.com\/index.php\/wp-json\/wp\/v2\/media\/142900"}],"wp:attachment":[{"href":"https:\/\/corrientesdetarde.com\/index.php\/wp-json\/wp\/v2\/media?parent=142893"}],"wp:term":[{"taxonomy":"category","embeddable":true,"href":"https:\/\/corrientesdetarde.com\/index.php\/wp-json\/wp\/v2\/categories?post=142893"},{"taxonomy":"post_tag","embeddable":true,"href":"https:\/\/corrientesdetarde.com\/index.php\/wp-json\/wp\/v2\/tags?post=142893"}],"curies":[{"name":"wp","href":"https:\/\/api.w.org\/{rel}","templated":true}]}}